{"id":65310,"global_id":"machera.lu?id=65310","global_id_lineage":["machera.lu?id=65310"],"author":"6","status":"publish","date":"2026-04-29 10:30:52","date_utc":"2026-04-29 10:30:52","modified":"2026-04-29 10:35:59","modified_utc":"2026-04-29 10:35:59","url":"https:\/\/machera.lu\/?tribe_events=festival-des-nations","rest_url":"https:\/\/machera.lu\/index.php?rest_route=\/tribe\/events\/v1\/events\/65310","title":"Festival des Nations","description":"<h2>SAVE THE DATE !<\/h2>\n<p>D&#8217;Kommissioun fir interkulturellt Zesummeliewe vun der Stad Gr\u00e9iwemaacher, an Zesummenaarbecht mat der Stad Gr\u00e9iwemacher, invit\u00e9iert op de <strong>Festival des Nations.<\/strong><\/p>\n<p>Fir Concerten, international Gastronomie esou w\u00e9i Animatioun fir Grouss a Kl\u00e9ng ass gesuergt.<\/p>\n<p>Weider Informatiounen kommen no !<\/p>","excerpt":"<p>SAVE THE DATE !<\/p>\n<p>D&#8217;Kommissioun fir interkulturellt Zesummeliewe vun der Stad Gr\u00e9iwemaacher, an Zesummenaarbecht mat der Stad Gr\u00e9iwemacher, invit\u00e9iert op de Festival des Nations.<\/p>\n<p>Weider Informatiounen kommen no !<br \/>\n&nbsp;<\/p>\n<div class=\"sc_item_button sc_button_wrap\"><a class=\"sc_button sc_button_decoration sc_button_size_large sc_button_icon_left\" href=\"https:\/\/machera.lu\/?tribe_events=festival-des-nations\"><span class=\"sc_button_text\"><span class=\"sc_button_title\">Info \/ Tickets<\/span><\/span><\/a><\/div>","slug":"festival-des-nations","image":{"url":"https:\/\/machera.lu\/wp-content\/uploads\/2026\/04\/Festival-des-Nations-Echo-scaled.jpg","id":65312,"extension":"jpg","width":2560,"height":1440,"filesize":283037,"sizes":{"medium":{"width":300,"height":169,"mime-type":"image\/jpeg","filesize":16415,"url":"https:\/\/machera.lu\/wp-content\/uploads\/2026\/04\/Festival-des-Nations-Echo-300x169.jpg"},"large":{"width":1024,"height":576,"mime-type":"image\/jpeg","filesize":87094,"url":"https:\/\/machera.lu\/wp-content\/uploads\/2026\/04\/Festival-des-Nations-Echo-1024x576.jpg"},"thumbnail":{"width":150,"height":150,"mime-type":"image\/jpeg","filesize":10519,"url":"https:\/\/machera.lu\/wp-content\/uploads\/2026\/04\/Festival-des-Nations-Echo-150x150.jpg"},"medium_large":{"width":768,"height":432,"mime-type":"image\/jpeg","filesize":58305,"url":"https:\/\/machera.lu\/wp-content\/uploads\/2026\/04\/Festival-des-Nations-Echo-768x432.jpg"},"1536x1536":{"width":1536,"height":864,"mime-type":"image\/jpeg","filesize":148899,"url":"https:\/\/machera.lu\/wp-content\/uploads\/2026\/04\/Festival-des-Nations-Echo-1536x864.jpg"},"2048x2048":{"width":2048,"height":1152,"mime-type":"image\/jpeg","filesize":215242,"url":"https:\/\/machera.lu\/wp-content\/uploads\/2026\/04\/Festival-des-Nations-Echo-2048x1152.jpg"},"post-thumbnail":{"width":370,"height":208,"mime-type":"image\/jpeg","filesize":21643,"url":"https:\/\/machera.lu\/wp-content\/uploads\/2026\/04\/Festival-des-Nations-Echo-370x208.jpg"},"eventicity-thumb-huge":{"width":1290,"height":725,"mime-type":"image\/jpeg","filesize":116281,"url":"https:\/\/machera.lu\/wp-content\/uploads\/2026\/04\/Festival-des-Nations-Echo-1290x725.jpg"},"eventicity-thumb-big":{"width":840,"height":473,"mime-type":"image\/jpeg","filesize":66418,"url":"https:\/\/machera.lu\/wp-content\/uploads\/2026\/04\/Festival-des-Nations-Echo-840x473.jpg"},"eventicity-thumb-med":{"width":410,"height":230,"mime-type":"image\/jpeg","filesize":25192,"url":"https:\/\/machera.lu\/wp-content\/uploads\/2026\/04\/Festival-des-Nations-Echo-410x230.jpg"},"eventicity-thumb-tiny":{"width":120,"height":120,"mime-type":"image\/jpeg","filesize":7980,"url":"https:\/\/machera.lu\/wp-content\/uploads\/2026\/04\/Festival-des-Nations-Echo-120x120.jpg"},"eventicity-thumb-masonry-big":{"width":840,"height":473,"mime-type":"image\/jpeg","filesize":66316,"url":"https:\/\/machera.lu\/wp-content\/uploads\/2026\/04\/Festival-des-Nations-Echo-840x473.jpg"},"eventicity-thumb-masonry":{"width":410,"height":231,"mime-type":"image\/jpeg","filesize":25210,"url":"https:\/\/machera.lu\/wp-content\/uploads\/2026\/04\/Festival-des-Nations-Echo-410x231.jpg"},"eventicity-thumb-rectangle":{"width":570,"height":696,"mime-type":"image\/jpeg","filesize":67090,"url":"https:\/\/machera.lu\/wp-content\/uploads\/2026\/04\/Festival-des-Nations-Echo-570x696.jpg"},"eventicity-thumb-medium-square":{"width":650,"height":572,"mime-type":"image\/jpeg","filesize":67999,"url":"https:\/\/machera.lu\/wp-content\/uploads\/2026\/04\/Festival-des-Nations-Echo-650x572.jpg"},"eventicity-thumb-square":{"width":890,"height":664,"mime-type":"image\/jpeg","filesize":91530,"url":"https:\/\/machera.lu\/wp-content\/uploads\/2026\/04\/Festival-des-Nations-Echo-890x664.jpg"},"trx_addons-thumb-small":{"width":270,"height":152,"mime-type":"image\/jpeg","filesize":14076,"url":"https:\/\/machera.lu\/wp-content\/uploads\/2026\/04\/Festival-des-Nations-Echo-270x152.jpg"},"trx_addons-thumb-portrait":{"width":370,"height":493,"mime-type":"image\/jpeg","filesize":38888,"url":"https:\/\/machera.lu\/wp-content\/uploads\/2026\/04\/Festival-des-Nations-Echo-370x493.jpg"},"trx_addons-thumb-avatar":{"width":370,"height":370,"mime-type":"image\/jpeg","filesize":32770,"url":"https:\/\/machera.lu\/wp-content\/uploads\/2026\/04\/Festival-des-Nations-Echo-370x370.jpg"}},"original_image":"Festival-des-Nations-Echo.jpg"},"all_day":false,"start_date":"2026-10-03 15:00:00","start_date_details":{"year":"2026","month":"10","day":"03","hour":"15","minutes":"00","seconds":"00"},"end_date":"2026-10-03 22:00:00","end_date_details":{"year":"2026","month":"10","day":"03","hour":"22","minutes":"00","seconds":"00"},"utc_start_date":"2026-10-03 15:00:00","utc_start_date_details":{"year":"2026","month":"10","day":"03","hour":"15","minutes":"00","seconds":"00"},"utc_end_date":"2026-10-03 22:00:00","utc_end_date_details":{"year":"2026","month":"10","day":"03","hour":"22","minutes":"00","seconds":"00"},"timezone":"UTC+0","timezone_abbr":"UTC+0","cost":"Free","cost_details":{"currency_symbol":"\u20ac","currency_code":"EUR","currency_position":"suffix","values":["0"]},"website":"","show_map":false,"show_map_link":true,"hide_from_listings":false,"sticky":false,"featured":false,"categories":[{"name":"Festivals","slug":"festivals-2","term_group":0,"term_taxonomy_id":357,"taxonomy":"tribe_events_cat","description":"","parent":0,"count":4,"filter":"raw","id":357,"urls":{"self":"https:\/\/machera.lu\/index.php?rest_route=\/tribe\/events\/v1\/categories\/357","collection":"https:\/\/machera.lu\/index.php?rest_route=\/tribe\/events\/v1\/categories"}}],"tags":[],"venue":[],"organizer":[],"json_ld":{"@context":"http:\/\/schema.org","@type":"Event","name":"Festival des Nations","description":"&lt;p&gt;SAVE THE DATE !&lt;\/p&gt;\\n&lt;p&gt;D\\'Kommissioun fir interkulturellt Zesummeliewe vun der Stad Gr\u00e9iwemaacher, an Zesummenaarbecht mat der Stad Gr\u00e9iwemacher, invit\u00e9iert op de Festival des Nations.&lt;\/p&gt;\\n&lt;p&gt;Weider Informatiounen kommen no !&lt;br \/&gt;\\n&nbsp;&lt;br \/&gt;\\n&lt;a class=&quot;sc_button sc_button_decoration sc_button_size_large sc_button_icon_left&quot; href=&quot;https:\/\/machera.lu\/?tribe_events=festival-des-nations&quot;&gt;&lt;span class=&quot;sc_button_text&quot;&gt;&lt;span class=&quot;sc_button_title&quot;&gt;Info \/ Tickets&lt;\/span&gt;&lt;\/span&gt;&lt;\/a&gt;&lt;\/p&gt;\\n","image":"https:\/\/machera.lu\/wp-content\/uploads\/2026\/04\/Festival-des-Nations-Echo-scaled.jpg","url":"https:\/\/machera.lu\/?tribe_events=festival-des-nations","eventAttendanceMode":"https:\/\/schema.org\/OfflineEventAttendanceMode","eventStatus":"https:\/\/schema.org\/EventScheduled","startDate":"2026-10-03T15:00:00+00:00","endDate":"2026-10-03T22:00:00+00:00","offers":{"@type":"Offer","price":"Free","priceCurrency":"EUR","url":"https:\/\/machera.lu\/?tribe_events=festival-des-nations","category":"primary","availability":"inStock","validFrom":"2026-04-29T00:00:00+00:00"},"performer":"Organization"}}