{"id":64515,"global_id":"machera.lu?id=64515","global_id_lineage":["machera.lu?id=64515"],"author":"3","status":"publish","date":"2025-12-08 08:17:40","date_utc":"2025-12-08 08:17:40","modified":"2026-04-24 09:11:41","modified_utc":"2026-04-24 09:11:41","url":"https:\/\/machera.lu\/?tribe_events=letzebuerger-lidderflupp&lang=fr","rest_url":"https:\/\/machera.lu\/index.php?rest_route=\/tribe\/events\/v1\/events\/64515","title":"L\u00ebtzebuerger Lidderflupp","description":"<p>En Owend fir l\u00ebtzebuergesch Lidder an hirer Z\u00e4it kennen\u00adzel\u00e9ieren, zesummen ze sangen a mateneen ze feieren.<\/p>\n<p>Fir d\u00ebse Concert voller Nostalgie hu sech zwee Monument\u00ader aus der L\u00ebtzebuerger Kulturzeen zesumme gedoen: de Museker Georges Urwald an den Orchester Luxembourg Philharmonia \u00ebnnert der Direktioun vum Rob K\u00f6ller!<\/p>\n<p>A perfektem Aklang sangen a spille si sech duerch d\u2019L\u00ebt\u00adzebuerger Lidderkultur, a propos\u00e9ieren iech esou e bean\u00addrockende Potpourri vu Spillmannslidder, \u201e\u00c9iweggr\u00e9nger\u201c aus Kom\u00e9idisst\u00e9cker, bekannte kabarettistesche Lidder a Vi\u00adnylschlager aus de 60er a 70er Joren. Instrumentalwierker vu verschiddene L\u00ebtzebuerger<\/p>\n<div class=\"sc_item_button sc_button_wrap\" style=\"text-align: left;\"><a class=\"sc_button sc_button_decoration sc_button_size_large sc_button_icon_left\" href=\"https:\/\/www.luxembourg-ticket.lu\/fr\/details\/letzeburger-lidderflupp-mit-dem-orchester-luxembourg-philharmonia\/8\/eid,68502\/letzeburger-lidderflupp-mit-dem-orchester-luxembourg-philharmonia.html\"><span class=\"sc_button_text\"><span class=\"sc_button_title\">Tickets<\/span><\/span><\/a><\/div>\n<h6>Les billets pour cet \u00e9v\u00e9nement peuvent \u00e9galement \u00eatre achet\u00e9s \u00e0 la billetterie du Centre Culturel Machera les mardis et jeudis de 15h \u00e0 19h. La billetterie du soir ouvre 2 heures avant l\u2019\u00e9v\u00e9nement.<\/h6>","excerpt":"<p>En Owend fir l\u00ebtzebuergesch Lidder an hirer Z\u00e4it kennenzel\u00e9ieren, zesummen ze sangen a mateneen ze feieren.<br \/>\nFir d\u00ebse Concert voller Nostalgie hu sech zwee Monumenter aus der L\u00ebtzebuerger Kulturzeen zesumme gedoen: de Museker Georges Urwald an den Orchester Luxembourg Philharmonia \u00ebnnert der Direktioun vum Rob K\u00f6ller!<br \/>\nA perfektem Aklang sangen a spille si sech duerch d\u2019L\u00ebtzebuerger Lidderkultur, a propos\u00e9ieren iech esou e beandrockende Potpourri vu Spillmannslidder, \u201e\u00c9iweggr\u00e9nger\u201c aus Kom\u00e9idisst\u00e9cker, bekannte kabarettistesche Lidder a Vinylschlager aus de 60er a 70er Joren. Instrumentalwierker vu verschiddene L\u00ebtzebuerger<\/p>\n<p>&nbsp;<\/p>\n<div class=\"sc_item_button sc_button_wrap\"><a class=\"sc_button sc_button_decoration sc_button_size_large sc_button_icon_left\" href=\"https:\/\/machera.lu\/?tribe_events=letzebuerger-lidderflupp&#038;lang=fr\"><span class=\"sc_button_text\"><span class=\"sc_button_title\">Info \/ Tickets<\/span><\/span><\/a><\/div>","slug":"letzebuerger-lidderflupp","image":{"url":"https:\/\/machera.lu\/wp-content\/uploads\/2025\/12\/Georges-Urwald-Debbie-Marinkovich.jpg","id":64511,"extension":"jpg","width":1179,"height":939,"filesize":389512,"sizes":{"medium":{"width":300,"height":239,"mime-type":"image\/jpeg","filesize":9422,"url":"https:\/\/machera.lu\/wp-content\/uploads\/2025\/12\/Georges-Urwald-Debbie-Marinkovich-300x239.jpg"},"large":{"width":1024,"height":816,"mime-type":"image\/jpeg","filesize":55801,"url":"https:\/\/machera.lu\/wp-content\/uploads\/2025\/12\/Georges-Urwald-Debbie-Marinkovich-1024x816.jpg"},"thumbnail":{"width":150,"height":150,"mime-type":"image\/jpeg","filesize":4344,"url":"https:\/\/machera.lu\/wp-content\/uploads\/2025\/12\/Georges-Urwald-Debbie-Marinkovich-150x150.jpg"},"medium_large":{"width":768,"height":612,"mime-type":"image\/jpeg","filesize":36943,"url":"https:\/\/machera.lu\/wp-content\/uploads\/2025\/12\/Georges-Urwald-Debbie-Marinkovich-768x612.jpg"},"post-thumbnail":{"width":370,"height":295,"mime-type":"image\/jpeg","filesize":12828,"url":"https:\/\/machera.lu\/wp-content\/uploads\/2025\/12\/Georges-Urwald-Debbie-Marinkovich-370x295.jpg"},"eventicity-thumb-huge":{"width":1179,"height":725,"mime-type":"image\/jpeg","filesize":62294,"url":"https:\/\/machera.lu\/wp-content\/uploads\/2025\/12\/Georges-Urwald-Debbie-Marinkovich-1179x725.jpg"},"eventicity-thumb-big":{"width":840,"height":473,"mime-type":"image\/jpeg","filesize":35808,"url":"https:\/\/machera.lu\/wp-content\/uploads\/2025\/12\/Georges-Urwald-Debbie-Marinkovich-840x473.jpg"},"eventicity-thumb-med":{"width":410,"height":230,"mime-type":"image\/jpeg","filesize":12711,"url":"https:\/\/machera.lu\/wp-content\/uploads\/2025\/12\/Georges-Urwald-Debbie-Marinkovich-410x230.jpg"},"eventicity-thumb-tiny":{"width":120,"height":120,"mime-type":"image\/jpeg","filesize":3142,"url":"https:\/\/machera.lu\/wp-content\/uploads\/2025\/12\/Georges-Urwald-Debbie-Marinkovich-120x120.jpg"},"eventicity-thumb-masonry-big":{"width":840,"height":669,"mime-type":"image\/jpeg","filesize":42127,"url":"https:\/\/machera.lu\/wp-content\/uploads\/2025\/12\/Georges-Urwald-Debbie-Marinkovich-840x669.jpg"},"eventicity-thumb-masonry":{"width":410,"height":327,"mime-type":"image\/jpeg","filesize":14894,"url":"https:\/\/machera.lu\/wp-content\/uploads\/2025\/12\/Georges-Urwald-Debbie-Marinkovich-410x327.jpg"},"eventicity-thumb-rectangle":{"width":570,"height":696,"mime-type":"image\/jpeg","filesize":33355,"url":"https:\/\/machera.lu\/wp-content\/uploads\/2025\/12\/Georges-Urwald-Debbie-Marinkovich-570x696.jpg"},"eventicity-thumb-medium-square":{"width":650,"height":572,"mime-type":"image\/jpeg","filesize":32176,"url":"https:\/\/machera.lu\/wp-content\/uploads\/2025\/12\/Georges-Urwald-Debbie-Marinkovich-650x572.jpg"},"eventicity-thumb-square":{"width":890,"height":664,"mime-type":"image\/jpeg","filesize":43549,"url":"https:\/\/machera.lu\/wp-content\/uploads\/2025\/12\/Georges-Urwald-Debbie-Marinkovich-890x664.jpg"},"trx_addons-thumb-small":{"width":270,"height":152,"mime-type":"image\/jpeg","filesize":6814,"url":"https:\/\/machera.lu\/wp-content\/uploads\/2025\/12\/Georges-Urwald-Debbie-Marinkovich-270x152.jpg"},"trx_addons-thumb-portrait":{"width":370,"height":493,"mime-type":"image\/jpeg","filesize":19063,"url":"https:\/\/machera.lu\/wp-content\/uploads\/2025\/12\/Georges-Urwald-Debbie-Marinkovich-370x493.jpg"},"trx_addons-thumb-avatar":{"width":370,"height":370,"mime-type":"image\/jpeg","filesize":15673,"url":"https:\/\/machera.lu\/wp-content\/uploads\/2025\/12\/Georges-Urwald-Debbie-Marinkovich-370x370.jpg"}}},"all_day":false,"start_date":"2026-05-16 20:00:00","start_date_details":{"year":"2026","month":"05","day":"16","hour":"20","minutes":"00","seconds":"00"},"end_date":"2026-05-16 20:00:00","end_date_details":{"year":"2026","month":"05","day":"16","hour":"20","minutes":"00","seconds":"00"},"utc_start_date":"2026-05-16 20:00:00","utc_start_date_details":{"year":"2026","month":"05","day":"16","hour":"20","minutes":"00","seconds":"00"},"utc_end_date":"2026-05-16 20:00:00","utc_end_date_details":{"year":"2026","month":"05","day":"16","hour":"20","minutes":"00","seconds":"00"},"timezone":"UTC+0","timezone_abbr":"UTC+0","cost":"","cost_details":{"currency_symbol":"\u20ac","currency_code":"EUR","currency_position":"suffix","values":[]},"website":"","show_map":false,"show_map_link":true,"hide_from_listings":false,"sticky":false,"featured":false,"categories":[{"name":"Concert","slug":"concert-fr","term_group":0,"term_taxonomy_id":348,"taxonomy":"tribe_events_cat","description":"","parent":0,"count":47,"filter":"raw","id":348,"urls":{"self":"https:\/\/machera.lu\/index.php?rest_route=\/tribe\/events\/v1\/categories\/348","collection":"https:\/\/machera.lu\/index.php?rest_route=\/tribe\/events\/v1\/categories"}}],"tags":[],"venue":[],"organizer":[],"json_ld":{"@context":"http:\/\/schema.org","@type":"Event","name":"L\u00ebtzebuerger Lidderflupp","description":"&lt;p&gt;En Owend fir l\u00ebtzebuergesch Lidder an hirer Z\u00e4it kennenzel\u00e9ieren, zesummen ze sangen a mateneen ze feieren.&lt;br \/&gt;\\nFir d\u00ebse Concert voller Nostalgie hu sech zwee Monumenter aus der L\u00ebtzebuerger Kulturzeen zesumme gedoen: de Museker Georges Urwald an den Orchester Luxembourg Philharmonia \u00ebnnert der Direktioun vum Rob K\u00f6ller!&lt;br \/&gt;\\nA perfektem Aklang sangen a spille si sech duerch d\u2019L\u00ebtzebuerger Lidderkultur, a propos\u00e9ieren iech esou e beandrockende Potpourri vu Spillmannslidder, \u201e\u00c9iweggr\u00e9nger\u201c aus Kom\u00e9idisst\u00e9cker, bekannte kabarettistesche Lidder a Vinylschlager aus de 60er a 70er Joren. Instrumentalwierker vu verschiddene L\u00ebtzebuerger&lt;\/p&gt;\\n&lt;p&gt;&nbsp;&lt;br \/&gt;\\n&lt;a class=&quot;sc_button sc_button_decoration sc_button_size_large sc_button_icon_left&quot; href=&quot;https:\/\/machera.lu\/?tribe_events=letzebuerger-lidderflupp&amp;lang=fr&quot;&gt;&lt;span class=&quot;sc_button_text&quot;&gt;&lt;span class=&quot;sc_button_title&quot;&gt;Info \/ Tickets&lt;\/span&gt;&lt;\/span&gt;&lt;\/a&gt;&lt;\/p&gt;\\n","image":"https:\/\/machera.lu\/wp-content\/uploads\/2025\/12\/Georges-Urwald-Debbie-Marinkovich.jpg","url":"https:\/\/machera.lu\/?tribe_events=letzebuerger-lidderflupp&lang=fr","eventAttendanceMode":"https:\/\/schema.org\/OfflineEventAttendanceMode","eventStatus":"https:\/\/schema.org\/EventScheduled","startDate":"2026-05-16T20:00:00+00:00","endDate":"2026-05-16T20:00:00+00:00","performer":"Organization"}}