{"id":64330,"global_id":"machera.lu?id=64330","global_id_lineage":["machera.lu?id=64330"],"author":"3","status":"publish","date":"2025-11-04 12:41:19","date_utc":"2025-11-04 12:41:19","modified":"2025-11-04 12:46:54","modified_utc":"2025-11-04 12:46:54","url":"https:\/\/machera.lu\/?tribe_events=fest-der-freude&lang=fr","rest_url":"https:\/\/machera.lu\/index.php?rest_route=\/tribe\/events\/v1\/events\/64330","title":"F\u00eate de la Joie","description":"<h3 data-start=\"134\" data-end=\"178\"><img fetchpriority=\"high\" decoding=\"async\" class=\"wp-image-64319 alignright\" src=\"https:\/\/machera.lu\/wp-content\/uploads\/2025\/11\/Affiche-concert-30.11.25-212x300.jpg\" alt=\"\" width=\"438\" height=\"620\" srcset=\"https:\/\/machera.lu\/wp-content\/uploads\/2025\/11\/Affiche-concert-30.11.25-212x300.jpg 212w, https:\/\/machera.lu\/wp-content\/uploads\/2025\/11\/Affiche-concert-30.11.25-724x1024.jpg 724w, https:\/\/machera.lu\/wp-content\/uploads\/2025\/11\/Affiche-concert-30.11.25-768x1086.jpg 768w, https:\/\/machera.lu\/wp-content\/uploads\/2025\/11\/Affiche-concert-30.11.25-1086x1536.jpg 1086w, https:\/\/machera.lu\/wp-content\/uploads\/2025\/11\/Affiche-concert-30.11.25-1448x2048.jpg 1448w, https:\/\/machera.lu\/wp-content\/uploads\/2025\/11\/Affiche-concert-30.11.25-370x523.jpg 370w, https:\/\/machera.lu\/wp-content\/uploads\/2025\/11\/Affiche-concert-30.11.25-840x1188.jpg 840w, https:\/\/machera.lu\/wp-content\/uploads\/2025\/11\/Affiche-concert-30.11.25-410x580.jpg 410w, https:\/\/machera.lu\/wp-content\/uploads\/2025\/11\/Affiche-concert-30.11.25.jpg 1654w\" sizes=\"(max-width: 600px) 100vw, 438px\" \/><\/h3>\n<h3 data-start=\"1048\" data-end=\"1098\"><strong data-start=\"1057\" data-end=\"1096\">F\u00eate de la Joie \u2013 <em data-start=\"1077\" data-end=\"1094\">Navidad Nuestra<\/em><\/strong><\/h3>\n<p data-start=\"1099\" data-end=\"1188\"><strong data-start=\"1099\" data-end=\"1148\">Un No\u00ebl sud-am\u00e9ricain au Machera Grevenmacher<\/strong><br data-start=\"1148\" data-end=\"1151\" \/><strong data-start=\"1151\" data-end=\"1188\">Dimanche 30 novembre 2025 \u2013 17h00<\/strong><\/p>\n<p data-start=\"1190\" data-end=\"1586\">Vivez un concert de No\u00ebl festif et color\u00e9, empreint de chaleur latino-am\u00e9ricaine !<br data-start=\"1272\" data-end=\"1275\" \/>Sous la direction de <strong data-start=\"1296\" data-end=\"1320\">Salome Harms-Sanchez<\/strong>, les deux \u0153uvres embl\u00e9matiques d\u2019<strong data-start=\"1354\" data-end=\"1371\">Ariel Ram\u00edrez<\/strong> \u2013 <em data-start=\"1374\" data-end=\"1388\">Misa Criolla<\/em> et <em data-start=\"1392\" data-end=\"1409\">Navidad Nuestra<\/em> \u2013 feront r\u00e9sonner leurs rythmes entra\u00eenants et leurs harmonies pleines de spiritualit\u00e9.<br data-start=\"1497\" data-end=\"1500\" \/>Une rencontre magique entre musique sacr\u00e9e et traditions populaires d\u2019Am\u00e9rique du Sud.<\/p>\n<p data-start=\"1588\" data-end=\"1666\">Un v\u00e9ritable <em data-start=\"1601\" data-end=\"1618\">Fest der Freude<\/em> \u2013 une c\u00e9l\u00e9bration de la musique et de la joie !<\/p>\n<div class=\"sc_item_button sc_button_wrap\"><a class=\"sc_button sc_button_decoration sc_button_size_large sc_button_icon_left\" href=\"https:\/\/www.luxembourg-ticket.lu\/fr\/details\/suedamerikanische-weihnachten\/8\/nokill,1\/eid,68316\/suedamerikanische-weihnachten.html\"><span class=\"sc_button_text\"><span class=\"sc_button_title\">Tickets<\/span><\/span><\/a><\/div>\n<h6>Les billets pour cet \u00e9v\u00e9nement peuvent \u00e9galement \u00eatre achet\u00e9s \u00e0 la billetterie du Centre Culturel Machera les mardis et jeudis de 15h \u00e0 19h. La billetterie du soir ouvre 2 heures avant l\u2019\u00e9v\u00e9nement.<\/h6>","excerpt":"<p>Vivez un concert de No\u00ebl festif et color\u00e9, empreint de chaleur latino-am\u00e9ricaine !<br \/>\nSous la direction de Salome Harms-Sanchez, les deux \u0153uvres embl\u00e9matiques d\u2019Ariel Ram\u00edrez \u2013 Misa Criolla et Navidad Nuestra \u2013 feront r\u00e9sonner leurs rythmes entra\u00eenants et leurs harmonies pleines de spiritualit\u00e9.<br \/>\nUne rencontre magique entre musique sacr\u00e9e et traditions populaires d\u2019Am\u00e9rique du Sud.<\/p>\n<p>&nbsp;<\/p>\n<div class=\"sc_item_button sc_button_wrap\"><a class=\"sc_button sc_button_decoration sc_button_size_large sc_button_icon_left\" href=\" https:\/\/machera.lu\/?tribe_events=fest-der-freude&#038;lang=fr\"><span class=\"sc_button_text\"><span class=\"sc_button_title\">Info \/ Tickets<\/span><\/span><\/a><\/div>","slug":"fest-der-freude","image":{"url":"https:\/\/machera.lu\/wp-content\/uploads\/2025\/11\/Machera-WP-BIld.jpg","id":64318,"extension":"jpg","width":1920,"height":1080,"filesize":279817,"sizes":{"medium":{"width":300,"height":169,"mime-type":"image\/jpeg","filesize":8876,"url":"https:\/\/machera.lu\/wp-content\/uploads\/2025\/11\/Machera-WP-BIld-300x169.jpg"},"large":{"width":1024,"height":576,"mime-type":"image\/jpeg","filesize":52641,"url":"https:\/\/machera.lu\/wp-content\/uploads\/2025\/11\/Machera-WP-BIld-1024x576.jpg"},"thumbnail":{"width":150,"height":150,"mime-type":"image\/jpeg","filesize":4590,"url":"https:\/\/machera.lu\/wp-content\/uploads\/2025\/11\/Machera-WP-BIld-150x150.jpg"},"medium_large":{"width":768,"height":432,"mime-type":"image\/jpeg","filesize":35440,"url":"https:\/\/machera.lu\/wp-content\/uploads\/2025\/11\/Machera-WP-BIld-768x432.jpg"},"1536x1536":{"width":1536,"height":864,"mime-type":"image\/jpeg","filesize":88314,"url":"https:\/\/machera.lu\/wp-content\/uploads\/2025\/11\/Machera-WP-BIld-1536x864.jpg"},"post-thumbnail":{"width":370,"height":208,"mime-type":"image\/jpeg","filesize":12455,"url":"https:\/\/machera.lu\/wp-content\/uploads\/2025\/11\/Machera-WP-BIld-370x208.jpg"},"eventicity-thumb-huge":{"width":1290,"height":725,"mime-type":"image\/jpeg","filesize":72169,"url":"https:\/\/machera.lu\/wp-content\/uploads\/2025\/11\/Machera-WP-BIld-1290x725.jpg"},"eventicity-thumb-big":{"width":840,"height":473,"mime-type":"image\/jpeg","filesize":39976,"url":"https:\/\/machera.lu\/wp-content\/uploads\/2025\/11\/Machera-WP-BIld-840x473.jpg"},"eventicity-thumb-med":{"width":410,"height":230,"mime-type":"image\/jpeg","filesize":14483,"url":"https:\/\/machera.lu\/wp-content\/uploads\/2025\/11\/Machera-WP-BIld-410x230.jpg"},"eventicity-thumb-tiny":{"width":120,"height":120,"mime-type":"image\/jpeg","filesize":3329,"url":"https:\/\/machera.lu\/wp-content\/uploads\/2025\/11\/Machera-WP-BIld-120x120.jpg"},"eventicity-thumb-masonry-big":{"width":840,"height":473,"mime-type":"image\/jpeg","filesize":40011,"url":"https:\/\/machera.lu\/wp-content\/uploads\/2025\/11\/Machera-WP-BIld-840x473.jpg"},"eventicity-thumb-masonry":{"width":410,"height":231,"mime-type":"image\/jpeg","filesize":14543,"url":"https:\/\/machera.lu\/wp-content\/uploads\/2025\/11\/Machera-WP-BIld-410x231.jpg"},"eventicity-thumb-rectangle":{"width":570,"height":696,"mime-type":"image\/jpeg","filesize":34907,"url":"https:\/\/machera.lu\/wp-content\/uploads\/2025\/11\/Machera-WP-BIld-570x696.jpg"},"eventicity-thumb-medium-square":{"width":650,"height":572,"mime-type":"image\/jpeg","filesize":37286,"url":"https:\/\/machera.lu\/wp-content\/uploads\/2025\/11\/Machera-WP-BIld-650x572.jpg"},"eventicity-thumb-square":{"width":890,"height":664,"mime-type":"image\/jpeg","filesize":52538,"url":"https:\/\/machera.lu\/wp-content\/uploads\/2025\/11\/Machera-WP-BIld-890x664.jpg"},"trx_addons-thumb-small":{"width":270,"height":152,"mime-type":"image\/jpeg","filesize":7553,"url":"https:\/\/machera.lu\/wp-content\/uploads\/2025\/11\/Machera-WP-BIld-270x152.jpg"},"trx_addons-thumb-portrait":{"width":370,"height":493,"mime-type":"image\/jpeg","filesize":19947,"url":"https:\/\/machera.lu\/wp-content\/uploads\/2025\/11\/Machera-WP-BIld-370x493.jpg"},"trx_addons-thumb-avatar":{"width":370,"height":370,"mime-type":"image\/jpeg","filesize":18315,"url":"https:\/\/machera.lu\/wp-content\/uploads\/2025\/11\/Machera-WP-BIld-370x370.jpg"}}},"all_day":false,"start_date":"2025-11-30 17:00:00","start_date_details":{"year":"2025","month":"11","day":"30","hour":"17","minutes":"00","seconds":"00"},"end_date":"2025-11-30 17:00:00","end_date_details":{"year":"2025","month":"11","day":"30","hour":"17","minutes":"00","seconds":"00"},"utc_start_date":"2025-11-30 17:00:00","utc_start_date_details":{"year":"2025","month":"11","day":"30","hour":"17","minutes":"00","seconds":"00"},"utc_end_date":"2025-11-30 17:00:00","utc_end_date_details":{"year":"2025","month":"11","day":"30","hour":"17","minutes":"00","seconds":"00"},"timezone":"UTC+0","timezone_abbr":"UTC+0","cost":"","cost_details":{"currency_symbol":"\u20ac","currency_code":"EUR","currency_position":"suffix","values":[]},"website":"","show_map":false,"show_map_link":true,"hide_from_listings":false,"sticky":false,"featured":false,"categories":[{"name":"Concert","slug":"concert-fr","term_group":0,"term_taxonomy_id":348,"taxonomy":"tribe_events_cat","description":"","parent":0,"count":48,"filter":"raw","id":348,"urls":{"self":"https:\/\/machera.lu\/index.php?rest_route=\/tribe\/events\/v1\/categories\/348","collection":"https:\/\/machera.lu\/index.php?rest_route=\/tribe\/events\/v1\/categories"}}],"tags":[],"venue":[],"organizer":[],"json_ld":{"@context":"http:\/\/schema.org","@type":"Event","name":"F\u00eate de la Joie","description":"&lt;p&gt;Vivez un concert de No\u00ebl festif et color\u00e9, empreint de chaleur latino-am\u00e9ricaine !&lt;br \/&gt;\\nSous la direction de Salome Harms-Sanchez, les deux \u0153uvres embl\u00e9matiques d\u2019Ariel Ram\u00edrez \u2013 Misa Criolla et Navidad Nuestra \u2013 feront r\u00e9sonner leurs rythmes entra\u00eenants et leurs harmonies pleines de spiritualit\u00e9.&lt;br \/&gt;\\nUne rencontre magique entre musique sacr\u00e9e et traditions populaires d\u2019Am\u00e9rique du Sud.&lt;\/p&gt;\\n&lt;p&gt;&nbsp;&lt;br \/&gt;\\n&lt;a class=&quot;sc_button sc_button_decoration sc_button_size_large sc_button_icon_left&quot; href=&quot;https:\/\/machera.lu\/?tribe_events=fest-der-freude&amp;lang=fr&quot;&gt;&lt;span class=&quot;sc_button_text&quot;&gt;&lt;span class=&quot;sc_button_title&quot;&gt;Info \/ Tickets&lt;\/span&gt;&lt;\/span&gt;&lt;\/a&gt;&lt;\/p&gt;\\n","image":"https:\/\/machera.lu\/wp-content\/uploads\/2025\/11\/Machera-WP-BIld.jpg","url":"https:\/\/machera.lu\/?tribe_events=fest-der-freude&lang=fr","eventAttendanceMode":"https:\/\/schema.org\/OfflineEventAttendanceMode","eventStatus":"https:\/\/schema.org\/EventScheduled","startDate":"2025-11-30T17:00:00+00:00","endDate":"2025-11-30T17:00:00+00:00","performer":"Organization"}}