{"id":64146,"global_id":"machera.lu?id=64146","global_id_lineage":["machera.lu?id=64146"],"author":"3","status":"publish","date":"2025-10-10 07:19:28","date_utc":"2025-10-10 07:19:28","modified":"2025-10-10 07:25:48","modified_utc":"2025-10-10 07:25:48","url":"https:\/\/machera.lu\/?tribe_events=book-presentation-cave-72-fann-attiki&lang=fr","rest_url":"https:\/\/machera.lu\/index.php?rest_route=\/tribe\/events\/v1\/events\/64146","title":"Book Presentation &#8222;Cave 72&#8220;  &#8211; Fann Attiki","description":"<p>L\u00ebtz Art asbl, en partenariat avec l&#8217;Institut Pierre Werner, a l&#8217;honneur de vous inviter \u00e0 la pr\u00e9sentation du roman \u00ab Cave 72 \u00bb de l&#8217;auteur congolais Fann Attiki.<\/p>\n<p>L&#8217;\u00e9v\u00e9nement se d\u00e9roulera en fran\u00e7ais et en anglais.<\/p>\n<p>Programme :<\/p>\n<ul>\n<li>Un dialogue entre Fann Attiki et Uyi Nosa-Odia UNO<\/li>\n<li>Une performance de slam po\u00e9sie par Fann Attiki<\/li>\n<li>Une session de questions-r\u00e9ponses<\/li>\n<li>Vente et s\u00e9ance de d\u00e9dicaces du livre<\/li>\n<li>Networking et vin d&#8217;honneur<\/li>\n<\/ul>\n<p>\u00ab Cave 72 \u00bb a \u00e9t\u00e9 salu\u00e9 pour son originalit\u00e9 et pour sa voix puissante dans la litt\u00e9rature contemporaine. Cette soir\u00e9e offre une occasion unique de d\u00e9couvrir l&#8217;\u0153uvre de l&#8217;auteur et de participer \u00e0 un riche \u00e9change interculturel.<\/p>\n<p>Le vin d&#8217;honneur est g\u00e9n\u00e9reusement sponsoris\u00e9 par la Ville de Grevenmacher.<\/p>\n<p>\u2728 L&#8217;entr\u00e9e est gratuite, merci de vous inscrire en avance.<br \/>\n\ud83d\udc49\u00a0<a href=\"https:\/\/www.letzart.lu\/events-1\/fann-attiki-meets-uyi-nosa-odia-an-evening-of-stories-books-and-inspiration\">Inscrivez-vous ici\u00a0<\/a><\/p>\n<p><img fetchpriority=\"high\" decoding=\"async\" class=\" wp-image-64135 aligncenter\" src=\"https:\/\/machera.lu\/wp-content\/uploads\/2025\/10\/B43DF7E2-F0A1-4095-9F7D-9EF4A1BA92A6-240x300.jpeg\" alt=\"\" width=\"294\" height=\"368\" srcset=\"https:\/\/machera.lu\/wp-content\/uploads\/2025\/10\/B43DF7E2-F0A1-4095-9F7D-9EF4A1BA92A6-240x300.jpeg 240w, https:\/\/machera.lu\/wp-content\/uploads\/2025\/10\/B43DF7E2-F0A1-4095-9F7D-9EF4A1BA92A6-820x1024.jpeg 820w, https:\/\/machera.lu\/wp-content\/uploads\/2025\/10\/B43DF7E2-F0A1-4095-9F7D-9EF4A1BA92A6-768x959.jpeg 768w, https:\/\/machera.lu\/wp-content\/uploads\/2025\/10\/B43DF7E2-F0A1-4095-9F7D-9EF4A1BA92A6-370x462.jpeg 370w, https:\/\/machera.lu\/wp-content\/uploads\/2025\/10\/B43DF7E2-F0A1-4095-9F7D-9EF4A1BA92A6-840x1049.jpeg 840w, https:\/\/machera.lu\/wp-content\/uploads\/2025\/10\/B43DF7E2-F0A1-4095-9F7D-9EF4A1BA92A6-410x512.jpeg 410w, https:\/\/machera.lu\/wp-content\/uploads\/2025\/10\/B43DF7E2-F0A1-4095-9F7D-9EF4A1BA92A6.jpeg 1080w\" sizes=\"(max-width: 294px) 100vw, 294px\" \/><\/p>","excerpt":"<p>L\u00ebtz Art asbl, en partenariat avec l&#8217;Institut Pierre Werner, a l&#8217;honneur de vous inviter \u00e0 la pr\u00e9sentation du roman \u00ab Cave 72 \u00bb de l&#8217;auteur congolais Fann Attiki.<\/p>\n<p>L&#8217;\u00e9v\u00e9nement se d\u00e9roulera en fran\u00e7ais et en anglais.<\/p>\n<p>&nbsp;<\/p>\n<div class=\"sc_item_button sc_button_wrap\"><a class=\"sc_button sc_button_decoration sc_button_size_large sc_button_icon_left\" href=\"https:\/\/machera.lu\/?tribe_events=book-presentation-cave-72-fann-attiki=fr\"><span class=\"sc_button_text\"><span class=\"sc_button_title\">Info \/ Tickets<\/span><\/span><\/a><\/div>","slug":"book-presentation-cave-72-fann-attiki","image":{"url":"https:\/\/machera.lu\/wp-content\/uploads\/2025\/10\/White-and-Dark-Green-Trendy-Online-Course-Instagram-Post.jpg","id":64140,"extension":"jpg","width":1080,"height":1350,"filesize":286315,"sizes":{"medium":{"width":240,"height":300,"mime-type":"image\/jpeg","filesize":15201,"url":"https:\/\/machera.lu\/wp-content\/uploads\/2025\/10\/White-and-Dark-Green-Trendy-Online-Course-Instagram-Post-240x300.jpg"},"large":{"width":819,"height":1024,"mime-type":"image\/jpeg","filesize":99936,"url":"https:\/\/machera.lu\/wp-content\/uploads\/2025\/10\/White-and-Dark-Green-Trendy-Online-Course-Instagram-Post-819x1024.jpg"},"thumbnail":{"width":150,"height":150,"mime-type":"image\/jpeg","filesize":5704,"url":"https:\/\/machera.lu\/wp-content\/uploads\/2025\/10\/White-and-Dark-Green-Trendy-Online-Course-Instagram-Post-150x150.jpg"},"medium_large":{"width":768,"height":960,"mime-type":"image\/jpeg","filesize":91771,"url":"https:\/\/machera.lu\/wp-content\/uploads\/2025\/10\/White-and-Dark-Green-Trendy-Online-Course-Instagram-Post-768x960.jpg"},"post-thumbnail":{"width":370,"height":463,"mime-type":"image\/jpeg","filesize":30846,"url":"https:\/\/machera.lu\/wp-content\/uploads\/2025\/10\/White-and-Dark-Green-Trendy-Online-Course-Instagram-Post-370x463.jpg"},"eventicity-thumb-huge":{"width":1080,"height":725,"mime-type":"image\/jpeg","filesize":75336,"url":"https:\/\/machera.lu\/wp-content\/uploads\/2025\/10\/White-and-Dark-Green-Trendy-Online-Course-Instagram-Post-1080x725.jpg"},"eventicity-thumb-big":{"width":840,"height":473,"mime-type":"image\/jpeg","filesize":41579,"url":"https:\/\/machera.lu\/wp-content\/uploads\/2025\/10\/White-and-Dark-Green-Trendy-Online-Course-Instagram-Post-840x473.jpg"},"eventicity-thumb-med":{"width":410,"height":230,"mime-type":"image\/jpeg","filesize":14519,"url":"https:\/\/machera.lu\/wp-content\/uploads\/2025\/10\/White-and-Dark-Green-Trendy-Online-Course-Instagram-Post-410x230.jpg"},"eventicity-thumb-tiny":{"width":120,"height":120,"mime-type":"image\/jpeg","filesize":3905,"url":"https:\/\/machera.lu\/wp-content\/uploads\/2025\/10\/White-and-Dark-Green-Trendy-Online-Course-Instagram-Post-120x120.jpg"},"eventicity-thumb-masonry-big":{"width":840,"height":1050,"mime-type":"image\/jpeg","filesize":103611,"url":"https:\/\/machera.lu\/wp-content\/uploads\/2025\/10\/White-and-Dark-Green-Trendy-Online-Course-Instagram-Post-840x1050.jpg"},"eventicity-thumb-masonry":{"width":410,"height":513,"mime-type":"image\/jpeg","filesize":36208,"url":"https:\/\/machera.lu\/wp-content\/uploads\/2025\/10\/White-and-Dark-Green-Trendy-Online-Course-Instagram-Post-410x513.jpg"},"eventicity-thumb-rectangle":{"width":570,"height":696,"mime-type":"image\/jpeg","filesize":58202,"url":"https:\/\/machera.lu\/wp-content\/uploads\/2025\/10\/White-and-Dark-Green-Trendy-Online-Course-Instagram-Post-570x696.jpg"},"eventicity-thumb-medium-square":{"width":650,"height":572,"mime-type":"image\/jpeg","filesize":47156,"url":"https:\/\/machera.lu\/wp-content\/uploads\/2025\/10\/White-and-Dark-Green-Trendy-Online-Course-Instagram-Post-650x572.jpg"},"eventicity-thumb-square":{"width":890,"height":664,"mime-type":"image\/jpeg","filesize":59151,"url":"https:\/\/machera.lu\/wp-content\/uploads\/2025\/10\/White-and-Dark-Green-Trendy-Online-Course-Instagram-Post-890x664.jpg"},"trx_addons-thumb-small":{"width":270,"height":152,"mime-type":"image\/jpeg","filesize":7811,"url":"https:\/\/machera.lu\/wp-content\/uploads\/2025\/10\/White-and-Dark-Green-Trendy-Online-Course-Instagram-Post-270x152.jpg"},"trx_addons-thumb-portrait":{"width":370,"height":493,"mime-type":"image\/jpeg","filesize":33523,"url":"https:\/\/machera.lu\/wp-content\/uploads\/2025\/10\/White-and-Dark-Green-Trendy-Online-Course-Instagram-Post-370x493.jpg"},"trx_addons-thumb-avatar":{"width":370,"height":370,"mime-type":"image\/jpeg","filesize":23961,"url":"https:\/\/machera.lu\/wp-content\/uploads\/2025\/10\/White-and-Dark-Green-Trendy-Online-Course-Instagram-Post-370x370.jpg"}}},"all_day":false,"start_date":"2025-10-13 18:00:00","start_date_details":{"year":"2025","month":"10","day":"13","hour":"18","minutes":"00","seconds":"00"},"end_date":"2025-10-13 18:00:00","end_date_details":{"year":"2025","month":"10","day":"13","hour":"18","minutes":"00","seconds":"00"},"utc_start_date":"2025-10-13 18:00:00","utc_start_date_details":{"year":"2025","month":"10","day":"13","hour":"18","minutes":"00","seconds":"00"},"utc_end_date":"2025-10-13 18:00:00","utc_end_date_details":{"year":"2025","month":"10","day":"13","hour":"18","minutes":"00","seconds":"00"},"timezone":"UTC+0","timezone_abbr":"UTC+0","cost":"","cost_details":{"currency_symbol":"\u20ac","currency_code":"EUR","currency_position":"suffix","values":[]},"website":"","show_map":false,"show_map_link":true,"hide_from_listings":false,"sticky":false,"featured":false,"categories":[{"name":"Conference","slug":"conference-fr","term_group":0,"term_taxonomy_id":350,"taxonomy":"tribe_events_cat","description":"","parent":0,"count":8,"filter":"raw","id":350,"urls":{"self":"https:\/\/machera.lu\/index.php?rest_route=\/tribe\/events\/v1\/categories\/350","collection":"https:\/\/machera.lu\/index.php?rest_route=\/tribe\/events\/v1\/categories"}}],"tags":[],"venue":[],"organizer":[{"id":64141,"author":"3","status":"publish","date":"2025-10-10 07:19:28","date_utc":"2025-10-10 07:19:28","modified":"2025-10-10 07:19:28","modified_utc":"2025-10-10 07:19:28","url":"https:\/\/machera.lu\/?tribe_organizer=letz-art-asbl","organizer":"L\u00ebtz Art asbl","slug":"letz-art-asbl","json_ld":{"@type":"Person","name":"L\u00ebtz Art asbl","description":"","url":"","telephone":"","email":"","sameAs":""},"global_id":"machera.lu?id=64141","global_id_lineage":["machera.lu?id=64141"]}],"json_ld":{"@context":"http:\/\/schema.org","@type":"Event","name":"Book Presentation &#8222;Cave 72&#8220;  &#8211; Fann Attiki","description":"&lt;p&gt;L\u00ebtz Art asbl, en partenariat avec l\\'Institut Pierre Werner, a l\\'honneur de vous inviter \u00e0 la pr\u00e9sentation du roman \u00ab Cave 72 \u00bb de l\\'auteur congolais Fann Attiki.&lt;\/p&gt;\\n&lt;p&gt;L\\'\u00e9v\u00e9nement se d\u00e9roulera en fran\u00e7ais et en anglais.&lt;\/p&gt;\\n&lt;p&gt;&nbsp;&lt;br \/&gt;\\n&lt;a class=&quot;sc_button sc_button_decoration sc_button_size_large sc_button_icon_left&quot; href=&quot;https:\/\/machera.lu\/?tribe_events=book-presentation-cave-72-fann-attiki=fr&quot;&gt;&lt;span class=&quot;sc_button_text&quot;&gt;&lt;span class=&quot;sc_button_title&quot;&gt;Info \/ Tickets&lt;\/span&gt;&lt;\/span&gt;&lt;\/a&gt;&lt;\/p&gt;\\n","image":"https:\/\/machera.lu\/wp-content\/uploads\/2025\/10\/White-and-Dark-Green-Trendy-Online-Course-Instagram-Post.jpg","url":"https:\/\/machera.lu\/?tribe_events=book-presentation-cave-72-fann-attiki&lang=fr","eventAttendanceMode":"https:\/\/schema.org\/OfflineEventAttendanceMode","eventStatus":"https:\/\/schema.org\/EventScheduled","startDate":"2025-10-13T18:00:00+00:00","endDate":"2025-10-13T18:00:00+00:00","organizer":{"@type":"Person","name":"L\u00ebtz Art asbl","description":"","url":"","telephone":"","email":"","sameAs":""},"performer":"Organization"}}