{"id":63706,"global_id":"machera.lu?id=63706","global_id_lineage":["machera.lu?id=63706"],"author":"1","status":"publish","date":"2025-06-09 12:56:44","date_utc":"2025-06-09 12:56:44","modified":"2025-06-09 12:58:04","modified_utc":"2025-06-09 12:58:04","url":"https:\/\/machera.lu\/?tribe_events=ereffnung-vun-den-europaeeschen-archaeologiedeeg","rest_url":"https:\/\/machera.lu\/index.php?rest_route=\/tribe\/events\/v1\/events\/63706","title":"Er\u00ebffnung vun den europ\u00e4\u00ebschen Arch\u00e4ologiedeeg","description":"<p><img fetchpriority=\"high\" decoding=\"async\" class=\"wp-image-63710 alignleft\" src=\"https:\/\/machera.lu\/wp-content\/uploads\/2025\/06\/499810706_17868834327378728_5361331700058059473_n-2.jpg\" alt=\"\" width=\"671\" height=\"839\" srcset=\"https:\/\/machera.lu\/wp-content\/uploads\/2025\/06\/499810706_17868834327378728_5361331700058059473_n-2.jpg 1440w, https:\/\/machera.lu\/wp-content\/uploads\/2025\/06\/499810706_17868834327378728_5361331700058059473_n-2-240x300.jpg 240w, https:\/\/machera.lu\/wp-content\/uploads\/2025\/06\/499810706_17868834327378728_5361331700058059473_n-2-819x1024.jpg 819w, https:\/\/machera.lu\/wp-content\/uploads\/2025\/06\/499810706_17868834327378728_5361331700058059473_n-2-768x960.jpg 768w, https:\/\/machera.lu\/wp-content\/uploads\/2025\/06\/499810706_17868834327378728_5361331700058059473_n-2-1229x1536.jpg 1229w, https:\/\/machera.lu\/wp-content\/uploads\/2025\/06\/499810706_17868834327378728_5361331700058059473_n-2-370x463.jpg 370w, https:\/\/machera.lu\/wp-content\/uploads\/2025\/06\/499810706_17868834327378728_5361331700058059473_n-2-840x1050.jpg 840w, https:\/\/machera.lu\/wp-content\/uploads\/2025\/06\/499810706_17868834327378728_5361331700058059473_n-2-410x513.jpg 410w, https:\/\/machera.lu\/wp-content\/uploads\/2025\/06\/499810706_17868834327378728_5361331700058059473_n-2-600x750.jpg 600w\" sizes=\"(max-width: 671px) 100vw, 671px\" \/><\/p>\n<h3>Offiziell Er\u00ebffnung vun den europ\u00e4\u00ebschen Arch\u00e4ologiedeeg a Virtrag: d\u00e9i rezent Gruewunge vu Gr\u00e9iwemaacher-Granzegebur<\/h3>\n<p>Er\u00ebffnung vun den europ\u00e4eschen Deeg vun der Arch\u00e4ologie duerch de Kulturminister Eric Thill an der Buergermeeschtesch Monique Hermes. \u00cbffentleche Virtrag a l\u00ebtzebuergescher Sprooch (Engl\u00ebsch Pr\u00e4sentatioun). Um Uschloss offr\u00e9iert d&#8217;Gem\u00e9ng Gr\u00e9iwemaacher e vin de l&#8217;amiti\u00e9.<\/p>","excerpt":"<p>Offiziell Er\u00ebffnung vun den europ\u00e4\u00ebschen Arch\u00e4ologiedeeg a Virtrag: d\u00e9i rezent Gruewunge vu Gr\u00e9iwemaacher-Granzegebur<\/p>","slug":"ereffnung-vun-den-europaeeschen-archaeologiedeeg","image":{"url":"https:\/\/machera.lu\/wp-content\/uploads\/2025\/06\/Screenshot-2025-06-09-at-14.54.39.png","id":63707,"extension":"png","width":1584,"height":852,"filesize":1116262,"sizes":{"medium":{"width":300,"height":161,"mime-type":"image\/png","filesize":19745,"url":"https:\/\/machera.lu\/wp-content\/uploads\/2025\/06\/Screenshot-2025-06-09-at-14.54.39-300x161.png"},"large":{"width":1024,"height":551,"mime-type":"image\/png","filesize":136631,"url":"https:\/\/machera.lu\/wp-content\/uploads\/2025\/06\/Screenshot-2025-06-09-at-14.54.39-1024x551.png"},"thumbnail":{"width":150,"height":150,"mime-type":"image\/png","filesize":14200,"url":"https:\/\/machera.lu\/wp-content\/uploads\/2025\/06\/Screenshot-2025-06-09-at-14.54.39-150x150.png"},"medium_large":{"width":768,"height":413,"mime-type":"image\/png","filesize":84163,"url":"https:\/\/machera.lu\/wp-content\/uploads\/2025\/06\/Screenshot-2025-06-09-at-14.54.39-768x413.png"},"1536x1536":{"width":1536,"height":826,"mime-type":"image\/png","filesize":611485,"url":"https:\/\/machera.lu\/wp-content\/uploads\/2025\/06\/Screenshot-2025-06-09-at-14.54.39-1536x826.png"},"post-thumbnail":{"width":370,"height":199,"mime-type":"image\/png","filesize":27252,"url":"https:\/\/machera.lu\/wp-content\/uploads\/2025\/06\/Screenshot-2025-06-09-at-14.54.39-370x199.png"},"eventicity-thumb-huge":{"width":1290,"height":725,"mime-type":"image\/png","filesize":486534,"url":"https:\/\/machera.lu\/wp-content\/uploads\/2025\/06\/Screenshot-2025-06-09-at-14.54.39-1290x725.png"},"eventicity-thumb-big":{"width":840,"height":473,"mime-type":"image\/png","filesize":103469,"url":"https:\/\/machera.lu\/wp-content\/uploads\/2025\/06\/Screenshot-2025-06-09-at-14.54.39-840x473.png"},"eventicity-thumb-med":{"width":410,"height":230,"mime-type":"image\/png","filesize":33933,"url":"https:\/\/machera.lu\/wp-content\/uploads\/2025\/06\/Screenshot-2025-06-09-at-14.54.39-410x230.png"},"eventicity-thumb-tiny":{"width":120,"height":120,"mime-type":"image\/png","filesize":10721,"url":"https:\/\/machera.lu\/wp-content\/uploads\/2025\/06\/Screenshot-2025-06-09-at-14.54.39-120x120.png"},"eventicity-thumb-masonry-big":{"width":840,"height":452,"mime-type":"image\/png","filesize":96978,"url":"https:\/\/machera.lu\/wp-content\/uploads\/2025\/06\/Screenshot-2025-06-09-at-14.54.39-840x452.png"},"eventicity-thumb-masonry":{"width":410,"height":221,"mime-type":"image\/png","filesize":32096,"url":"https:\/\/machera.lu\/wp-content\/uploads\/2025\/06\/Screenshot-2025-06-09-at-14.54.39-410x221.png"},"eventicity-thumb-rectangle":{"width":570,"height":696,"mime-type":"image\/png","filesize":292354,"url":"https:\/\/machera.lu\/wp-content\/uploads\/2025\/06\/Screenshot-2025-06-09-at-14.54.39-570x696.png"},"eventicity-thumb-medium-square":{"width":650,"height":572,"mime-type":"image\/png","filesize":270648,"url":"https:\/\/machera.lu\/wp-content\/uploads\/2025\/06\/Screenshot-2025-06-09-at-14.54.39-650x572.png"},"eventicity-thumb-square":{"width":890,"height":664,"mime-type":"image\/png","filesize":369800,"url":"https:\/\/machera.lu\/wp-content\/uploads\/2025\/06\/Screenshot-2025-06-09-at-14.54.39-890x664.png"},"woocommerce_thumbnail":{"width":630,"height":630,"mime-type":"image\/png","filesize":291042,"uncropped":false,"url":"https:\/\/machera.lu\/wp-content\/uploads\/2025\/06\/Screenshot-2025-06-09-at-14.54.39-630x630.png"},"woocommerce_single":{"width":600,"height":323,"mime-type":"image\/png","filesize":57166,"url":"https:\/\/machera.lu\/wp-content\/uploads\/2025\/06\/Screenshot-2025-06-09-at-14.54.39-600x323.png"},"woocommerce_gallery_thumbnail":{"width":150,"height":150,"mime-type":"image\/png","filesize":14200,"url":"https:\/\/machera.lu\/wp-content\/uploads\/2025\/06\/Screenshot-2025-06-09-at-14.54.39-150x150.png"},"trx_addons-thumb-small":{"width":270,"height":152,"mime-type":"image\/png","filesize":18100,"url":"https:\/\/machera.lu\/wp-content\/uploads\/2025\/06\/Screenshot-2025-06-09-at-14.54.39-270x152.png"},"trx_addons-thumb-portrait":{"width":370,"height":493,"mime-type":"image\/png","filesize":159010,"url":"https:\/\/machera.lu\/wp-content\/uploads\/2025\/06\/Screenshot-2025-06-09-at-14.54.39-370x493.png"},"trx_addons-thumb-avatar":{"width":370,"height":370,"mime-type":"image\/png","filesize":54632,"url":"https:\/\/machera.lu\/wp-content\/uploads\/2025\/06\/Screenshot-2025-06-09-at-14.54.39-370x370.png"}}},"all_day":false,"start_date":"2025-06-13 19:00:00","start_date_details":{"year":"2025","month":"06","day":"13","hour":"19","minutes":"00","seconds":"00"},"end_date":"2025-06-13 21:00:00","end_date_details":{"year":"2025","month":"06","day":"13","hour":"21","minutes":"00","seconds":"00"},"utc_start_date":"2025-06-13 19:00:00","utc_start_date_details":{"year":"2025","month":"06","day":"13","hour":"19","minutes":"00","seconds":"00"},"utc_end_date":"2025-06-13 21:00:00","utc_end_date_details":{"year":"2025","month":"06","day":"13","hour":"21","minutes":"00","seconds":"00"},"timezone":"UTC+0","timezone_abbr":"UTC+0","cost":"","cost_details":{"currency_symbol":"\u20ac","currency_code":"EUR","currency_position":"suffix","values":[]},"website":"","show_map":false,"show_map_link":true,"hide_from_listings":false,"sticky":false,"featured":false,"categories":[{"name":"Conference","slug":"conference-2","term_group":0,"term_taxonomy_id":351,"taxonomy":"tribe_events_cat","description":"","parent":0,"count":8,"filter":"raw","id":351,"urls":{"self":"https:\/\/machera.lu\/index.php?rest_route=\/tribe\/events\/v1\/categories\/351","collection":"https:\/\/machera.lu\/index.php?rest_route=\/tribe\/events\/v1\/categories"}}],"tags":[],"venue":[],"organizer":[],"json_ld":{"@context":"http:\/\/schema.org","@type":"Event","name":"Er\u00ebffnung vun den europ\u00e4\u00ebschen Arch\u00e4ologiedeeg","description":"&lt;p&gt;Offiziell Er\u00ebffnung vun den europ\u00e4\u00ebschen Arch\u00e4ologiedeeg a Virtrag: d\u00e9i rezent Gruewunge vu Gr\u00e9iwemaacher-Granzegebur&lt;\/p&gt;\\n","image":"https:\/\/machera.lu\/wp-content\/uploads\/2025\/06\/Screenshot-2025-06-09-at-14.54.39.png","url":"https:\/\/machera.lu\/?tribe_events=ereffnung-vun-den-europaeeschen-archaeologiedeeg","eventAttendanceMode":"https:\/\/schema.org\/OfflineEventAttendanceMode","eventStatus":"https:\/\/schema.org\/EventScheduled","startDate":"2025-06-13T19:00:00+00:00","endDate":"2025-06-13T21:00:00+00:00","performer":"Organization"}}