{"id":63679,"global_id":"machera.lu?id=63679","global_id_lineage":["machera.lu?id=63679"],"author":"1","status":"publish","date":"2025-05-20 06:14:29","date_utc":"2025-05-20 06:14:29","modified":"2025-08-20 13:38:48","modified_utc":"2025-08-20 13:38:48","url":"https:\/\/machera.lu\/?tribe_events=75-drauwen-a-waeifest","rest_url":"https:\/\/machera.lu\/index.php?rest_route=\/tribe\/events\/v1\/events\/63679","title":"75. Drauwen- a W\u00e4ifest","description":"<p>SAVE THE DATE<\/p>\n<p>Kr\u00f6nung der Luxemburger Weink\u00f6nigin 2025 &#8211; Jill<\/p>\n<p>Org. Comit\u00e9 des F\u00eates Grevenmacher<\/p>\n<p>Programm:<\/p>\n<p>ohne Reservierung<\/p>\n<p>19:00 &#8211; Einlass<br \/>\n20:00 &#8211; Kr\u00f6nung der Luxemburger Weink\u00f6nigin 2025 &#8211; Jill<br \/>\n22:00 &#8211; Afterkr\u00f6nungsparty mit Zack Zillis, DJ Danky GHold und DJ Dama<\/p>\n<p>Mehr Infos: <a style=\"letter-spacing: 0px; color: #333333; font-size: 1.118em; font-weight: 800; display: inline !important;\" href=\"https:\/\/www.waifest.lu\/\">www.waifest.lu<\/a><\/p>","excerpt":"<p>Kr\u00f6nung der Luxemburger Weink\u00f6nigin 2025 &#8211; Jill<\/p>\n<p>Org. Comit\u00e9 des F\u00eates Grevenmacher<\/p>\n<p>Programm:<\/p>\n<p>19:00 &#8211; Einlass<br \/>\n20:00 &#8211; Kr\u00f6nung der Luxemburger Weink\u00f6nigin 2025 &#8211; Jill<br \/>\n22:00 &#8211; Afterkr\u00f6nungsparty mit Zack Zillis, DJ Danky GHold und DJ Dama<\/p>","slug":"75-drauwen-a-waeifest","image":{"url":"https:\/\/machera.lu\/wp-content\/uploads\/2025\/05\/2-ME2A0182-scaled.jpg","id":63810,"extension":"jpg","width":2560,"height":1707,"filesize":644554,"sizes":{"medium":{"width":300,"height":200,"mime-type":"image\/jpeg","filesize":30531,"url":"https:\/\/machera.lu\/wp-content\/uploads\/2025\/05\/2-ME2A0182-300x200.jpg"},"large":{"width":1024,"height":683,"mime-type":"image\/jpeg","filesize":146720,"url":"https:\/\/machera.lu\/wp-content\/uploads\/2025\/05\/2-ME2A0182-1024x683.jpg"},"thumbnail":{"width":150,"height":150,"mime-type":"image\/jpeg","filesize":20958,"url":"https:\/\/machera.lu\/wp-content\/uploads\/2025\/05\/2-ME2A0182-150x150.jpg"},"medium_large":{"width":768,"height":512,"mime-type":"image\/jpeg","filesize":95335,"url":"https:\/\/machera.lu\/wp-content\/uploads\/2025\/05\/2-ME2A0182-768x512.jpg"},"1536x1536":{"width":1536,"height":1024,"mime-type":"image\/jpeg","filesize":273998,"url":"https:\/\/machera.lu\/wp-content\/uploads\/2025\/05\/2-ME2A0182-1536x1024.jpg"},"woocommerce_thumbnail":{"width":630,"height":630,"mime-type":"image\/jpeg","filesize":84559,"uncropped":false,"url":"https:\/\/machera.lu\/wp-content\/uploads\/2025\/05\/2-ME2A0182-scaled-630x630.jpg"},"woocommerce_gallery_thumbnail":{"width":150,"height":150,"mime-type":"image\/jpeg","filesize":20941,"url":"https:\/\/machera.lu\/wp-content\/uploads\/2025\/05\/2-ME2A0182-scaled-150x150.jpg"}},"original_image":"2-ME2A0182.jpg"},"all_day":false,"start_date":"2025-09-12 20:00:00","start_date_details":{"year":"2025","month":"09","day":"12","hour":"20","minutes":"00","seconds":"00"},"end_date":"2025-09-12 23:30:00","end_date_details":{"year":"2025","month":"09","day":"12","hour":"23","minutes":"30","seconds":"00"},"utc_start_date":"2025-09-12 20:00:00","utc_start_date_details":{"year":"2025","month":"09","day":"12","hour":"20","minutes":"00","seconds":"00"},"utc_end_date":"2025-09-12 23:30:00","utc_end_date_details":{"year":"2025","month":"09","day":"12","hour":"23","minutes":"30","seconds":"00"},"timezone":"UTC+0","timezone_abbr":"UTC+0","cost":"","cost_details":{"currency_symbol":"\u20ac","currency_code":"EUR","currency_position":"suffix","values":[]},"website":"","show_map":false,"show_map_link":true,"hide_from_listings":false,"sticky":false,"featured":false,"categories":[],"tags":[],"venue":[],"organizer":[],"json_ld":{"@context":"http:\/\/schema.org","@type":"Event","name":"75. Drauwen- a W\u00e4ifest","description":"&lt;p&gt;Kr\u00f6nung der Luxemburger Weink\u00f6nigin 2025 - Jill&lt;\/p&gt;\\n&lt;p&gt;Org. Comit\u00e9 des F\u00eates Grevenmacher&lt;\/p&gt;\\n&lt;p&gt;Programm:&lt;\/p&gt;\\n&lt;p&gt;19:00 - Einlass&lt;br \/&gt;\\n20:00 - Kr\u00f6nung der Luxemburger Weink\u00f6nigin 2025 - Jill&lt;br \/&gt;\\n22:00 - Afterkr\u00f6nungsparty mit Zack Zillis, DJ Danky GHold und DJ Dama&lt;\/p&gt;\\n","image":"https:\/\/machera.lu\/wp-content\/uploads\/2025\/05\/2-ME2A0182-scaled.jpg","url":"https:\/\/machera.lu\/?tribe_events=75-drauwen-a-waeifest","eventAttendanceMode":"https:\/\/schema.org\/OfflineEventAttendanceMode","eventStatus":"https:\/\/schema.org\/EventScheduled","startDate":"2025-09-12T20:00:00+00:00","endDate":"2025-09-12T23:30:00+00:00","performer":"Organization"}}