{"id":63656,"global_id":"machera.lu?id=63656","global_id_lineage":["machera.lu?id=63656"],"author":"1","status":"publish","date":"2025-05-19 12:25:15","date_utc":"2025-05-19 12:25:15","modified":"2025-08-27 08:50:29","modified_utc":"2025-08-27 08:50:29","url":"https:\/\/machera.lu\/?tribe_events=concert-militaermusek-zesumme-mam-georges-urwald-debbie-marinkovic&lang=en","rest_url":"https:\/\/machera.lu\/index.php?rest_route=\/tribe\/events\/v1\/events\/63656","title":"Concert Milit\u00e4rmusek zesumme mam Georges Urwald &#038; Debbie Marinkovic","description":"<p><a href=\"https:\/\/machera.lu\/wp-content\/uploads\/2025\/05\/846cb1_42b66889df204dc7a788c1b657c5e544mv2.png.webp\"><img fetchpriority=\"high\" decoding=\"async\" class=\" wp-image-63652 alignleft\" src=\"https:\/\/machera.lu\/wp-content\/uploads\/2025\/05\/846cb1_42b66889df204dc7a788c1b657c5e544mv2.png.webp\" alt=\"\" width=\"365\" height=\"517\" srcset=\"https:\/\/machera.lu\/wp-content\/uploads\/2025\/05\/846cb1_42b66889df204dc7a788c1b657c5e544mv2.png.webp 994w, https:\/\/machera.lu\/wp-content\/uploads\/2025\/05\/846cb1_42b66889df204dc7a788c1b657c5e544mv2.png-211x300.webp 211w, https:\/\/machera.lu\/wp-content\/uploads\/2025\/05\/846cb1_42b66889df204dc7a788c1b657c5e544mv2.png-722x1024.webp 722w, https:\/\/machera.lu\/wp-content\/uploads\/2025\/05\/846cb1_42b66889df204dc7a788c1b657c5e544mv2.png-768x1089.webp 768w, https:\/\/machera.lu\/wp-content\/uploads\/2025\/05\/846cb1_42b66889df204dc7a788c1b657c5e544mv2.png-370x525.webp 370w, https:\/\/machera.lu\/wp-content\/uploads\/2025\/05\/846cb1_42b66889df204dc7a788c1b657c5e544mv2.png-840x1192.webp 840w, https:\/\/machera.lu\/wp-content\/uploads\/2025\/05\/846cb1_42b66889df204dc7a788c1b657c5e544mv2.png-410x582.webp 410w, https:\/\/machera.lu\/wp-content\/uploads\/2025\/05\/846cb1_42b66889df204dc7a788c1b657c5e544mv2.png-600x851.webp 600w\" sizes=\"(max-width: 600px) 100vw, 365px\" \/><\/a><\/p>\n<p>Als Ofschloss vun de\u00a0Feierlechkeete\u00a0vu\u00a075 Joar Gr\u00e9iwemaacher Drauwen- a W\u00e4ifest\u00a0pr\u00e4sent\u00e9iert de Comit\u00e9 des F\u00eates Gr\u00e9iwemaacher\u00a0d\u00ebse flotte Concert vun der Milit\u00e4rmusek, mat deenen z\u00ebsummen de Georges Urwald an Deborah Marinkovic mat op der B\u00fcn\u00a0vum Centre Culturel Machera stinn.<\/p>\n<p>Um Programm sti\u00a0beschtbekannte\u00a0L\u00ebtzebuerger Lidder a weider Wierker vu L\u00ebtzebuerger Komponisten. En Owend fir\u00a0ze gen\u00e9issen\u00a0an\u00a0och g\u00e4re matzesangen!<\/p>\n<p>Den Erl\u00e9iss geet un d\u2019Math\u00ebllef a.s.b.l.<\/p>\n<p>Fir Eessen a Gedr\u00e9nks ass gesuergt.<\/p>\n<p>WEIDER INFOEN: <a href=\"http:\/\/www.waifest.lu\/75joar\">www.waifest.lu\/75joar<\/a><\/p>\n<div class=\"sc_item_button sc_button_wrap\"><a class=\"sc_button sc_button_decoration sc_button_size_large sc_button_icon_left\" href=\"https:\/\/ticket.luxembourg-ticket.lu\/eventim.webshop\/webticket\/seatmap?eventId=38712\"><span class=\"sc_button_text\"><span class=\"sc_button_title\">Tickets<\/span><\/span><\/a><\/div>","excerpt":"<p>Als Ofschloss vun de\u00a0Feierlechkeete\u00a0vu\u00a075 Joar Gr\u00e9iwemaacher Drauwen- a W\u00e4ifest\u00a0pr\u00e4sent\u00e9iert de Comit\u00e9 des F\u00eates Gr\u00e9iwemaacher\u00a0d\u00ebse flotte Concert vun der Milit\u00e4rmusek, mat deenen z\u00ebsummen de Georges Urwald an Deborah Marinkovic mat op der B\u00fcn\u00a0vum Centre Culturel Machera stinn.<\/p>\n<p>&nbsp;<\/p>\n<div class=\"sc_item_button sc_button_wrap\"><a class=\"sc_button sc_button_decoration sc_button_size_large sc_button_icon_left\" href=\"https:\/\/machera.lu\/?tribe_events=concert-militaermusek-zesumme-mam-georges-urwald-debbie-marinkovic\"><span class=\"sc_button_text\"><span class=\"sc_button_title\">Info \/ Tickets<\/span><\/span><\/a><\/div>","slug":"concert-militaermusek-zesumme-mam-georges-urwald-debbie-marinkovic","image":{"url":"https:\/\/machera.lu\/wp-content\/uploads\/2025\/05\/CONCERT-MILITAERMUSIK-Kopie_main.jpg","id":63650,"extension":"jpg","width":1577,"height":920,"filesize":444702,"sizes":{"medium":{"width":300,"height":175,"mime-type":"image\/jpeg","filesize":10698,"url":"https:\/\/machera.lu\/wp-content\/uploads\/2025\/05\/CONCERT-MILITAERMUSIK-Kopie_main-300x175.jpg"},"large":{"width":1024,"height":597,"mime-type":"image\/jpeg","filesize":81462,"url":"https:\/\/machera.lu\/wp-content\/uploads\/2025\/05\/CONCERT-MILITAERMUSIK-Kopie_main-1024x597.jpg"},"thumbnail":{"width":150,"height":150,"mime-type":"image\/jpeg","filesize":6303,"url":"https:\/\/machera.lu\/wp-content\/uploads\/2025\/05\/CONCERT-MILITAERMUSIK-Kopie_main-150x150.jpg"},"medium_large":{"width":768,"height":448,"mime-type":"image\/jpeg","filesize":50357,"url":"https:\/\/machera.lu\/wp-content\/uploads\/2025\/05\/CONCERT-MILITAERMUSIK-Kopie_main-768x448.jpg"},"1536x1536":{"width":1536,"height":896,"mime-type":"image\/jpeg","filesize":155465,"url":"https:\/\/machera.lu\/wp-content\/uploads\/2025\/05\/CONCERT-MILITAERMUSIK-Kopie_main-1536x896.jpg"},"post-thumbnail":{"width":370,"height":216,"mime-type":"image\/jpeg","filesize":15207,"url":"https:\/\/machera.lu\/wp-content\/uploads\/2025\/05\/CONCERT-MILITAERMUSIK-Kopie_main-370x216.jpg"},"eventicity-thumb-huge":{"width":1290,"height":725,"mime-type":"image\/jpeg","filesize":115490,"url":"https:\/\/machera.lu\/wp-content\/uploads\/2025\/05\/CONCERT-MILITAERMUSIK-Kopie_main-1290x725.jpg"},"eventicity-thumb-big":{"width":840,"height":473,"mime-type":"image\/jpeg","filesize":57416,"url":"https:\/\/machera.lu\/wp-content\/uploads\/2025\/05\/CONCERT-MILITAERMUSIK-Kopie_main-840x473.jpg"},"eventicity-thumb-med":{"width":410,"height":230,"mime-type":"image\/jpeg","filesize":17287,"url":"https:\/\/machera.lu\/wp-content\/uploads\/2025\/05\/CONCERT-MILITAERMUSIK-Kopie_main-410x230.jpg"},"eventicity-thumb-tiny":{"width":120,"height":120,"mime-type":"image\/jpeg","filesize":4512,"url":"https:\/\/machera.lu\/wp-content\/uploads\/2025\/05\/CONCERT-MILITAERMUSIK-Kopie_main-120x120.jpg"},"eventicity-thumb-masonry-big":{"width":840,"height":490,"mime-type":"image\/jpeg","filesize":58565,"url":"https:\/\/machera.lu\/wp-content\/uploads\/2025\/05\/CONCERT-MILITAERMUSIK-Kopie_main-840x490.jpg"},"eventicity-thumb-masonry":{"width":410,"height":239,"mime-type":"image\/jpeg","filesize":17778,"url":"https:\/\/machera.lu\/wp-content\/uploads\/2025\/05\/CONCERT-MILITAERMUSIK-Kopie_main-410x239.jpg"},"eventicity-thumb-rectangle":{"width":570,"height":696,"mime-type":"image\/jpeg","filesize":64687,"url":"https:\/\/machera.lu\/wp-content\/uploads\/2025\/05\/CONCERT-MILITAERMUSIK-Kopie_main-570x696.jpg"},"eventicity-thumb-medium-square":{"width":650,"height":572,"mime-type":"image\/jpeg","filesize":61792,"url":"https:\/\/machera.lu\/wp-content\/uploads\/2025\/05\/CONCERT-MILITAERMUSIK-Kopie_main-650x572.jpg"},"eventicity-thumb-square":{"width":890,"height":664,"mime-type":"image\/jpeg","filesize":87564,"url":"https:\/\/machera.lu\/wp-content\/uploads\/2025\/05\/CONCERT-MILITAERMUSIK-Kopie_main-890x664.jpg"},"woocommerce_thumbnail":{"width":630,"height":630,"mime-type":"image\/jpeg","filesize":65479,"url":"https:\/\/machera.lu\/wp-content\/uploads\/2025\/05\/CONCERT-MILITAERMUSIK-Kopie_main-630x630.jpg"},"woocommerce_single":{"width":600,"height":350,"mime-type":"image\/jpeg","filesize":33435,"url":"https:\/\/machera.lu\/wp-content\/uploads\/2025\/05\/CONCERT-MILITAERMUSIK-Kopie_main-600x350.jpg"},"woocommerce_gallery_thumbnail":{"width":150,"height":150,"mime-type":"image\/jpeg","filesize":6303,"url":"https:\/\/machera.lu\/wp-content\/uploads\/2025\/05\/CONCERT-MILITAERMUSIK-Kopie_main-150x150.jpg"},"trx_addons-thumb-small":{"width":270,"height":152,"mime-type":"image\/jpeg","filesize":8831,"url":"https:\/\/machera.lu\/wp-content\/uploads\/2025\/05\/CONCERT-MILITAERMUSIK-Kopie_main-270x152.jpg"},"trx_addons-thumb-portrait":{"width":370,"height":493,"mime-type":"image\/jpeg","filesize":33731,"url":"https:\/\/machera.lu\/wp-content\/uploads\/2025\/05\/CONCERT-MILITAERMUSIK-Kopie_main-370x493.jpg"},"trx_addons-thumb-avatar":{"width":370,"height":370,"mime-type":"image\/jpeg","filesize":27089,"url":"https:\/\/machera.lu\/wp-content\/uploads\/2025\/05\/CONCERT-MILITAERMUSIK-Kopie_main-370x370.jpg"}}},"all_day":false,"start_date":"2025-11-16 17:00:00","start_date_details":{"year":"2025","month":"11","day":"16","hour":"17","minutes":"00","seconds":"00"},"end_date":"2025-11-16 19:00:00","end_date_details":{"year":"2025","month":"11","day":"16","hour":"19","minutes":"00","seconds":"00"},"utc_start_date":"2025-11-16 17:00:00","utc_start_date_details":{"year":"2025","month":"11","day":"16","hour":"17","minutes":"00","seconds":"00"},"utc_end_date":"2025-11-16 19:00:00","utc_end_date_details":{"year":"2025","month":"11","day":"16","hour":"19","minutes":"00","seconds":"00"},"timezone":"UTC+0","timezone_abbr":"UTC+0","cost":"","cost_details":{"currency_symbol":"\u20ac","currency_code":"EUR","currency_position":"suffix","values":[]},"website":"","show_map":false,"show_map_link":true,"hide_from_listings":false,"sticky":false,"featured":false,"categories":[{"name":"Concert","slug":"concert-en","term_group":0,"term_taxonomy_id":347,"taxonomy":"tribe_events_cat","description":"","parent":0,"count":47,"filter":"raw","id":347,"urls":{"self":"https:\/\/machera.lu\/index.php?rest_route=\/tribe\/events\/v1\/categories\/347","collection":"https:\/\/machera.lu\/index.php?rest_route=\/tribe\/events\/v1\/categories"}}],"tags":[],"venue":[],"organizer":[],"json_ld":{"@context":"http:\/\/schema.org","@type":"Event","name":"Concert Milit\u00e4rmusek zesumme mam Georges Urwald &#038; Debbie Marinkovic","description":"&lt;p&gt;Als Ofschloss vun de\u00a0Feierlechkeete\u00a0vu\u00a075 Joar Gr\u00e9iwemaacher Drauwen- a W\u00e4ifest\u00a0pr\u00e4sent\u00e9iert de Comit\u00e9 des F\u00eates Gr\u00e9iwemaacher\u00a0d\u00ebse flotte Concert vun der Milit\u00e4rmusek, mat deenen z\u00ebsummen de Georges Urwald an Deborah Marinkovic mat op der B\u00fcn\u00a0vum Centre Culturel Machera stinn.&lt;\/p&gt;\\n&lt;p&gt;&nbsp;&lt;br \/&gt;\\n&lt;a class=&quot;sc_button sc_button_decoration sc_button_size_large sc_button_icon_left&quot; href=&quot;https:\/\/machera.lu\/?tribe_events=concert-militaermusek-zesumme-mam-georges-urwald-debbie-marinkovic&quot;&gt;&lt;span class=&quot;sc_button_text&quot;&gt;&lt;span class=&quot;sc_button_title&quot;&gt;Info \/ Tickets&lt;\/span&gt;&lt;\/span&gt;&lt;\/a&gt;&lt;\/p&gt;\\n","image":"https:\/\/machera.lu\/wp-content\/uploads\/2025\/05\/CONCERT-MILITAERMUSIK-Kopie_main.jpg","url":"https:\/\/machera.lu\/?tribe_events=concert-militaermusek-zesumme-mam-georges-urwald-debbie-marinkovic&lang=en","eventAttendanceMode":"https:\/\/schema.org\/OfflineEventAttendanceMode","eventStatus":"https:\/\/schema.org\/EventScheduled","startDate":"2025-11-16T17:00:00+00:00","endDate":"2025-11-16T19:00:00+00:00","performer":"Organization"}}