{"id":63498,"global_id":"machera.lu?id=63498","global_id_lineage":["machera.lu?id=63498"],"author":"1","status":"publish","date":"2025-04-04 09:02:41","date_utc":"2025-04-04 09:02:41","modified":"2025-04-04 09:02:41","modified_utc":"2025-04-04 09:02:41","url":"https:\/\/machera.lu\/?tribe_events=klima-a-biodiversiteitsdag-mat-natura-2000-dag&lang=en","rest_url":"https:\/\/machera.lu\/index.php?rest_route=\/tribe\/events\/v1\/events\/63498","title":"Klima- a Biodiversit\u00e9itsdag mat Natura 2000 Dag","description":"<p style=\"font-weight: 400;\">Workshops, interaktive St\u00e4nn, Live Virtr\u00e4g a Verkafsst\u00e4nn<\/p>\n<p style=\"font-weight: 400;\">Weider Informatiounen op <a href=\"http:\/\/klimadag.lu\/\">http:\/\/klimadag.lu\/<\/a><\/p>","excerpt":"<p>Workshops, interaktive St\u00e4nn, Live Virtr\u00e4g a Verkafsst\u00e4nn<\/p>","slug":"klima-a-biodiversiteitsdag-mat-natura-2000-dag","image":{"url":"https:\/\/machera.lu\/wp-content\/uploads\/2025\/04\/250327_SIAS-Klimadag_Facebook-Event_JCDS-scaled.jpg","id":63495,"extension":"jpg","width":2560,"height":1341,"filesize":682618,"sizes":{"medium":{"width":300,"height":157,"mime-type":"image\/jpeg","filesize":12734,"url":"https:\/\/machera.lu\/wp-content\/uploads\/2025\/04\/250327_SIAS-Klimadag_Facebook-Event_JCDS-300x157.jpg"},"large":{"width":1024,"height":536,"mime-type":"image\/jpeg","filesize":114526,"url":"https:\/\/machera.lu\/wp-content\/uploads\/2025\/04\/250327_SIAS-Klimadag_Facebook-Event_JCDS-1024x536.jpg"},"thumbnail":{"width":150,"height":150,"mime-type":"image\/jpeg","filesize":8083,"url":"https:\/\/machera.lu\/wp-content\/uploads\/2025\/04\/250327_SIAS-Klimadag_Facebook-Event_JCDS-150x150.jpg"},"medium_large":{"width":768,"height":402,"mime-type":"image\/jpeg","filesize":65430,"url":"https:\/\/machera.lu\/wp-content\/uploads\/2025\/04\/250327_SIAS-Klimadag_Facebook-Event_JCDS-768x402.jpg"},"1536x1536":{"width":1536,"height":804,"mime-type":"image\/jpeg","filesize":255291,"url":"https:\/\/machera.lu\/wp-content\/uploads\/2025\/04\/250327_SIAS-Klimadag_Facebook-Event_JCDS-1536x804.jpg"},"2048x2048":{"width":2048,"height":1073,"mime-type":"image\/jpeg","filesize":447868,"url":"https:\/\/machera.lu\/wp-content\/uploads\/2025\/04\/250327_SIAS-Klimadag_Facebook-Event_JCDS-2048x1073.jpg"},"post-thumbnail":{"width":370,"height":194,"mime-type":"image\/jpeg","filesize":17285,"url":"https:\/\/machera.lu\/wp-content\/uploads\/2025\/04\/250327_SIAS-Klimadag_Facebook-Event_JCDS-370x194.jpg"},"eventicity-thumb-huge":{"width":1290,"height":725,"mime-type":"image\/jpeg","filesize":198335,"url":"https:\/\/machera.lu\/wp-content\/uploads\/2025\/04\/250327_SIAS-Klimadag_Facebook-Event_JCDS-1290x725.jpg"},"eventicity-thumb-big":{"width":840,"height":473,"mime-type":"image\/jpeg","filesize":85592,"url":"https:\/\/machera.lu\/wp-content\/uploads\/2025\/04\/250327_SIAS-Klimadag_Facebook-Event_JCDS-840x473.jpg"},"eventicity-thumb-med":{"width":410,"height":230,"mime-type":"image\/jpeg","filesize":22451,"url":"https:\/\/machera.lu\/wp-content\/uploads\/2025\/04\/250327_SIAS-Klimadag_Facebook-Event_JCDS-410x230.jpg"},"eventicity-thumb-tiny":{"width":120,"height":120,"mime-type":"image\/jpeg","filesize":6481,"url":"https:\/\/machera.lu\/wp-content\/uploads\/2025\/04\/250327_SIAS-Klimadag_Facebook-Event_JCDS-120x120.jpg"},"eventicity-thumb-masonry-big":{"width":840,"height":440,"mime-type":"image\/jpeg","filesize":77282,"url":"https:\/\/machera.lu\/wp-content\/uploads\/2025\/04\/250327_SIAS-Klimadag_Facebook-Event_JCDS-840x440.jpg"},"eventicity-thumb-masonry":{"width":410,"height":215,"mime-type":"image\/jpeg","filesize":20565,"url":"https:\/\/machera.lu\/wp-content\/uploads\/2025\/04\/250327_SIAS-Klimadag_Facebook-Event_JCDS-410x215.jpg"},"eventicity-thumb-rectangle":{"width":570,"height":696,"mime-type":"image\/jpeg","filesize":82286,"url":"https:\/\/machera.lu\/wp-content\/uploads\/2025\/04\/250327_SIAS-Klimadag_Facebook-Event_JCDS-570x696.jpg"},"eventicity-thumb-medium-square":{"width":650,"height":572,"mime-type":"image\/jpeg","filesize":78252,"url":"https:\/\/machera.lu\/wp-content\/uploads\/2025\/04\/250327_SIAS-Klimadag_Facebook-Event_JCDS-650x572.jpg"},"eventicity-thumb-square":{"width":890,"height":664,"mime-type":"image\/jpeg","filesize":124825,"url":"https:\/\/machera.lu\/wp-content\/uploads\/2025\/04\/250327_SIAS-Klimadag_Facebook-Event_JCDS-890x664.jpg"},"woocommerce_thumbnail":{"width":630,"height":630,"mime-type":"image\/jpeg","filesize":82155,"url":"https:\/\/machera.lu\/wp-content\/uploads\/2025\/04\/250327_SIAS-Klimadag_Facebook-Event_JCDS-630x630.jpg"},"woocommerce_single":{"width":600,"height":314,"mime-type":"image\/jpeg","filesize":40613,"url":"https:\/\/machera.lu\/wp-content\/uploads\/2025\/04\/250327_SIAS-Klimadag_Facebook-Event_JCDS-600x314.jpg"},"woocommerce_gallery_thumbnail":{"width":150,"height":150,"mime-type":"image\/jpeg","filesize":8083,"url":"https:\/\/machera.lu\/wp-content\/uploads\/2025\/04\/250327_SIAS-Klimadag_Facebook-Event_JCDS-150x150.jpg"},"trx_addons-thumb-small":{"width":270,"height":152,"mime-type":"image\/jpeg","filesize":11834,"url":"https:\/\/machera.lu\/wp-content\/uploads\/2025\/04\/250327_SIAS-Klimadag_Facebook-Event_JCDS-270x152.jpg"},"trx_addons-thumb-portrait":{"width":370,"height":493,"mime-type":"image\/jpeg","filesize":39826,"url":"https:\/\/machera.lu\/wp-content\/uploads\/2025\/04\/250327_SIAS-Klimadag_Facebook-Event_JCDS-370x493.jpg"},"trx_addons-thumb-avatar":{"width":370,"height":370,"mime-type":"image\/jpeg","filesize":30876,"url":"https:\/\/machera.lu\/wp-content\/uploads\/2025\/04\/250327_SIAS-Klimadag_Facebook-Event_JCDS-370x370.jpg"}},"original_image":"250327_SIAS-Klimadag_Facebook-Event_JCDS.jpg"},"all_day":false,"start_date":"2025-05-18 10:00:00","start_date_details":{"year":"2025","month":"05","day":"18","hour":"10","minutes":"00","seconds":"00"},"end_date":"2025-05-18 17:00:00","end_date_details":{"year":"2025","month":"05","day":"18","hour":"17","minutes":"00","seconds":"00"},"utc_start_date":"2025-05-18 10:00:00","utc_start_date_details":{"year":"2025","month":"05","day":"18","hour":"10","minutes":"00","seconds":"00"},"utc_end_date":"2025-05-18 17:00:00","utc_end_date_details":{"year":"2025","month":"05","day":"18","hour":"17","minutes":"00","seconds":"00"},"timezone":"UTC+0","timezone_abbr":"UTC+0","cost":"","cost_details":{"currency_symbol":"\u20ac","currency_code":"EUR","currency_position":"suffix","values":[]},"website":"","show_map":false,"show_map_link":true,"hide_from_listings":false,"sticky":false,"featured":false,"categories":[{"name":"Conference","slug":"conference-en","term_group":0,"term_taxonomy_id":349,"taxonomy":"tribe_events_cat","description":"","parent":0,"count":8,"filter":"raw","id":349,"urls":{"self":"https:\/\/machera.lu\/index.php?rest_route=\/tribe\/events\/v1\/categories\/349","collection":"https:\/\/machera.lu\/index.php?rest_route=\/tribe\/events\/v1\/categories"}},{"name":"Exposition","slug":"exposition-en","term_group":0,"term_taxonomy_id":370,"taxonomy":"tribe_events_cat","description":"","parent":0,"count":14,"filter":"raw","id":370,"urls":{"self":"https:\/\/machera.lu\/index.php?rest_route=\/tribe\/events\/v1\/categories\/370","collection":"https:\/\/machera.lu\/index.php?rest_route=\/tribe\/events\/v1\/categories"}}],"tags":[],"venue":[],"organizer":[],"json_ld":{"@context":"http:\/\/schema.org","@type":"Event","name":"Klima- a Biodiversit\u00e9itsdag mat Natura 2000 Dag","description":"&lt;p&gt;Workshops, interaktive St\u00e4nn, Live Virtr\u00e4g a Verkafsst\u00e4nn&lt;\/p&gt;\\n","image":"https:\/\/machera.lu\/wp-content\/uploads\/2025\/04\/250327_SIAS-Klimadag_Facebook-Event_JCDS-scaled.jpg","url":"https:\/\/machera.lu\/?tribe_events=klima-a-biodiversiteitsdag-mat-natura-2000-dag&lang=en","eventAttendanceMode":"https:\/\/schema.org\/OfflineEventAttendanceMode","eventStatus":"https:\/\/schema.org\/EventScheduled","startDate":"2025-05-18T10:00:00+00:00","endDate":"2025-05-18T17:00:00+00:00","performer":"Organization"}}