{"id":63399,"global_id":"machera.lu?id=63399","global_id_lineage":["machera.lu?id=63399"],"author":"1","status":"publish","date":"2025-04-01 06:17:42","date_utc":"2025-04-01 06:17:42","modified":"2025-10-16 12:38:15","modified_utc":"2025-10-16 12:38:15","url":"https:\/\/machera.lu\/?tribe_events=luxembourg-philharmonia&lang=en","rest_url":"https:\/\/machera.lu\/index.php?rest_route=\/tribe\/events\/v1\/events\/63399","title":"Luxembourg Philharmonia feat. Davide Alogna","description":"<figure id=\"attachment_63641\" aria-describedby=\"caption-attachment-63641\" style=\"width: 1024px\" class=\"wp-caption aligncenter\"><img fetchpriority=\"high\" decoding=\"async\" class=\"size-large wp-image-63641\" src=\"https:\/\/machera.lu\/wp-content\/uploads\/2025\/04\/image0-1024x683.jpeg\" alt=\"\" width=\"1024\" height=\"683\" srcset=\"https:\/\/machera.lu\/wp-content\/uploads\/2025\/04\/image0-1024x683.jpeg 1024w, https:\/\/machera.lu\/wp-content\/uploads\/2025\/04\/image0-300x200.jpeg 300w, https:\/\/machera.lu\/wp-content\/uploads\/2025\/04\/image0-768x512.jpeg 768w, https:\/\/machera.lu\/wp-content\/uploads\/2025\/04\/image0-1536x1025.jpeg 1536w, https:\/\/machera.lu\/wp-content\/uploads\/2025\/04\/image0-2048x1366.jpeg 2048w, https:\/\/machera.lu\/wp-content\/uploads\/2025\/04\/image0-370x247.jpeg 370w, https:\/\/machera.lu\/wp-content\/uploads\/2025\/04\/image0-840x560.jpeg 840w, https:\/\/machera.lu\/wp-content\/uploads\/2025\/04\/image0-410x273.jpeg 410w, https:\/\/machera.lu\/wp-content\/uploads\/2025\/04\/image0-600x400.jpeg 600w\" sizes=\"(max-width: 1024px) 100vw, 1024px\" \/><figcaption id=\"caption-attachment-63641\" class=\"wp-caption-text\"><\/p>\n<p><\/figcaption><\/figure>\n<p class=\"\" data-start=\"0\" data-end=\"230\">On October 19, 2025 at 5:00 PM, Luxembourg Philharmonia invites you to its Autumn Concert in Grevenmacher. The orchestra, made up of around 90 musicians, will present a varied program featuring works by Eastern European composers.<\/p>\n<p class=\"\" data-start=\"479\" data-end=\"670\">The concert opens with the Violin Concerto (1940) by Aram Khachaturian. The soloist for the evening is internationally acclaimed violinist Davide Alogna, known for his virtuosic performances.<\/p>\n<p class=\"\" data-start=\"672\" data-end=\"832\">After the intermission, Luxembourg Philharmonia will take the audience on a journey through the soundscapes of Central Asia with two works by Alexander Borodin:<\/p>\n<ul data-start=\"834\" data-end=\"928\">\n<li class=\"\" data-start=\"834\" data-end=\"877\">\n<p class=\"\" data-start=\"836\" data-end=\"877\"><em data-start=\"836\" data-end=\"868\">In the Steppes of Central Asia<\/em> (1882)<\/p>\n<\/li>\n<li class=\"\" data-start=\"878\" data-end=\"928\">\n<p class=\"\" data-start=\"880\" data-end=\"928\"><em data-start=\"880\" data-end=\"899\">Polovtsian Dances<\/em> from the opera <em data-start=\"915\" data-end=\"928\">Prince Igor<\/em><\/p>\n<\/li>\n<\/ul>\n<p class=\"\" data-start=\"930\" data-end=\"1052\">These compositions are known for their vibrant melodies and rhythmic richness, and are among Borodin\u2019s most beloved works.<\/p>\n<p class=\"\" data-start=\"1054\" data-end=\"1160\">Don&#8217;t miss this unique opportunity to experience a remarkable musical event in a truly special atmosphere.<\/p>\n<div class=\"sc_item_button sc_button_wrap\"><a class=\"sc_button sc_button_decoration sc_button_size_large sc_button_icon_left\" href=\"http:\/\/tickets.luxembourg-ticket.lu\/38795\"><span class=\"sc_button_text\"><span class=\"sc_button_title\">Tickets<\/span><\/span><\/a><\/div>\n<h6>Tickets zu diesem Event k\u00f6nnen ebenfalls dienstags und donnerstags von 15 &#8211; 19 Uhr an der Kasse im Kulturzentrum Machera gekauft werden. Die Abendkasse \u00f6ffnet 2 Stunden vor dem Event.<\/h6>\n<h6>Tickets for this event can also be purchased at the box office in the Machera Cultural Center on Tuesdays and Thursdays from 3 PM to 7 PM. The evening box office opens 2 hours before the event.<\/h6>\n<h6>Les billets pour cet \u00e9v\u00e9nement peuvent \u00e9galement \u00eatre achet\u00e9s \u00e0 la billetterie du Centre Culturel Machera les mardis et jeudis de 15h \u00e0 19h. La billetterie du soir ouvre 2 heures avant l\u2019\u00e9v\u00e9nement.<\/h6>","excerpt":"<p>On October 19, 2025 at 5:00 PM, Luxembourg Philharmonia invites you to its Autumn Concert in Grevenmacher. The orchestra, made up of around 90 musicians, will present a varied program featuring works by Eastern European composers.<\/p>\n<p>&nbsp;<\/p>\n<div class=\"sc_item_button sc_button_wrap\"><a class=\"sc_button sc_button_decoration sc_button_size_large sc_button_icon_left\" href=\"https:\/\/machera.lu\/?tribe_events=luxembourg-philharmonia=en\"><span class=\"sc_button_text\"><span class=\"sc_button_title\">Info \/ Tickets<\/span><\/span><\/a><\/div>","slug":"luxembourg-philharmonia","image":{"url":"https:\/\/machera.lu\/wp-content\/uploads\/2024\/10\/Luxembourg-Philharmonia-2023-Large.jpeg","id":62472,"extension":"jpeg","width":1280,"height":699,"filesize":298736,"sizes":{"medium":{"width":300,"height":164,"mime-type":"image\/jpeg","filesize":11651,"url":"https:\/\/machera.lu\/wp-content\/uploads\/2024\/10\/Luxembourg-Philharmonia-2023-Large-300x164.jpeg"},"large":{"width":1024,"height":559,"mime-type":"image\/jpeg","filesize":95115,"url":"https:\/\/machera.lu\/wp-content\/uploads\/2024\/10\/Luxembourg-Philharmonia-2023-Large-1024x559.jpeg"},"thumbnail":{"width":150,"height":150,"mime-type":"image\/jpeg","filesize":6435,"url":"https:\/\/machera.lu\/wp-content\/uploads\/2024\/10\/Luxembourg-Philharmonia-2023-Large-150x150.jpeg"},"medium_large":{"width":768,"height":419,"mime-type":"image\/jpeg","filesize":59400,"url":"https:\/\/machera.lu\/wp-content\/uploads\/2024\/10\/Luxembourg-Philharmonia-2023-Large-768x419.jpeg"},"post-thumbnail":{"width":370,"height":202,"mime-type":"image\/jpeg","filesize":16643,"url":"https:\/\/machera.lu\/wp-content\/uploads\/2024\/10\/Luxembourg-Philharmonia-2023-Large-370x202.jpeg"},"eventicity-thumb-big":{"width":840,"height":473,"mime-type":"image\/jpeg","filesize":70594,"url":"https:\/\/machera.lu\/wp-content\/uploads\/2024\/10\/Luxembourg-Philharmonia-2023-Large-840x473.jpeg"},"eventicity-thumb-med":{"width":410,"height":230,"mime-type":"image\/jpeg","filesize":20488,"url":"https:\/\/machera.lu\/wp-content\/uploads\/2024\/10\/Luxembourg-Philharmonia-2023-Large-410x230.jpeg"},"eventicity-thumb-tiny":{"width":120,"height":120,"mime-type":"image\/jpeg","filesize":4355,"url":"https:\/\/machera.lu\/wp-content\/uploads\/2024\/10\/Luxembourg-Philharmonia-2023-Large-120x120.jpeg"},"eventicity-thumb-masonry-big":{"width":840,"height":459,"mime-type":"image\/jpeg","filesize":68902,"url":"https:\/\/machera.lu\/wp-content\/uploads\/2024\/10\/Luxembourg-Philharmonia-2023-Large-840x459.jpeg"},"eventicity-thumb-masonry":{"width":410,"height":224,"mime-type":"image\/jpeg","filesize":19902,"url":"https:\/\/machera.lu\/wp-content\/uploads\/2024\/10\/Luxembourg-Philharmonia-2023-Large-410x224.jpeg"},"eventicity-thumb-rectangle":{"width":570,"height":696,"mime-type":"image\/jpeg","filesize":73044,"url":"https:\/\/machera.lu\/wp-content\/uploads\/2024\/10\/Luxembourg-Philharmonia-2023-Large-570x696.jpeg"},"eventicity-thumb-medium-square":{"width":650,"height":572,"mime-type":"image\/jpeg","filesize":70556,"url":"https:\/\/machera.lu\/wp-content\/uploads\/2024\/10\/Luxembourg-Philharmonia-2023-Large-650x572.jpeg"},"eventicity-thumb-square":{"width":890,"height":664,"mime-type":"image\/jpeg","filesize":100714,"url":"https:\/\/machera.lu\/wp-content\/uploads\/2024\/10\/Luxembourg-Philharmonia-2023-Large-890x664.jpeg"},"woocommerce_thumbnail":{"width":630,"height":630,"mime-type":"image\/jpeg","filesize":73952,"url":"https:\/\/machera.lu\/wp-content\/uploads\/2024\/10\/Luxembourg-Philharmonia-2023-Large-630x630.jpeg"},"woocommerce_single":{"width":600,"height":328,"mime-type":"image\/jpeg","filesize":38742,"url":"https:\/\/machera.lu\/wp-content\/uploads\/2024\/10\/Luxembourg-Philharmonia-2023-Large-600x328.jpeg"},"woocommerce_gallery_thumbnail":{"width":150,"height":150,"mime-type":"image\/jpeg","filesize":6435,"url":"https:\/\/machera.lu\/wp-content\/uploads\/2024\/10\/Luxembourg-Philharmonia-2023-Large-150x150.jpeg"},"trx_addons-thumb-small":{"width":270,"height":152,"mime-type":"image\/jpeg","filesize":9848,"url":"https:\/\/machera.lu\/wp-content\/uploads\/2024\/10\/Luxembourg-Philharmonia-2023-Large-270x152.jpeg"},"trx_addons-thumb-portrait":{"width":370,"height":493,"mime-type":"image\/jpeg","filesize":39072,"url":"https:\/\/machera.lu\/wp-content\/uploads\/2024\/10\/Luxembourg-Philharmonia-2023-Large-370x493.jpeg"},"trx_addons-thumb-avatar":{"width":370,"height":370,"mime-type":"image\/jpeg","filesize":30950,"url":"https:\/\/machera.lu\/wp-content\/uploads\/2024\/10\/Luxembourg-Philharmonia-2023-Large-370x370.jpeg"}}},"all_day":false,"start_date":"2025-10-19 17:00:00","start_date_details":{"year":"2025","month":"10","day":"19","hour":"17","minutes":"00","seconds":"00"},"end_date":"2025-10-19 19:00:00","end_date_details":{"year":"2025","month":"10","day":"19","hour":"19","minutes":"00","seconds":"00"},"utc_start_date":"2025-10-19 17:00:00","utc_start_date_details":{"year":"2025","month":"10","day":"19","hour":"17","minutes":"00","seconds":"00"},"utc_end_date":"2025-10-19 19:00:00","utc_end_date_details":{"year":"2025","month":"10","day":"19","hour":"19","minutes":"00","seconds":"00"},"timezone":"UTC+0","timezone_abbr":"UTC+0","cost":"","cost_details":{"currency_symbol":"\u20ac","currency_code":"EUR","currency_position":"suffix","values":[]},"website":"","show_map":false,"show_map_link":false,"hide_from_listings":false,"sticky":false,"featured":false,"categories":[],"tags":[],"venue":[],"organizer":[],"json_ld":{"@context":"http:\/\/schema.org","@type":"Event","name":"Luxembourg Philharmonia feat. Davide Alogna","description":"&lt;p&gt;On October 19, 2025 at 5:00 PM, Luxembourg Philharmonia invites you to its Autumn Concert in Grevenmacher. The orchestra, made up of around 90 musicians, will present a varied program featuring works by Eastern European composers.&lt;\/p&gt;\\n&lt;p&gt;&nbsp;&lt;br \/&gt;\\n&lt;a class=&quot;sc_button sc_button_decoration sc_button_size_large sc_button_icon_left&quot; href=&quot;https:\/\/machera.lu\/?tribe_events=luxembourg-philharmonia=en&quot;&gt;&lt;span class=&quot;sc_button_text&quot;&gt;&lt;span class=&quot;sc_button_title&quot;&gt;Info \/ Tickets&lt;\/span&gt;&lt;\/span&gt;&lt;\/a&gt;&lt;\/p&gt;\\n","image":"https:\/\/machera.lu\/wp-content\/uploads\/2024\/10\/Luxembourg-Philharmonia-2023-Large.jpeg","url":"https:\/\/machera.lu\/?tribe_events=luxembourg-philharmonia&lang=en","eventAttendanceMode":"https:\/\/schema.org\/OfflineEventAttendanceMode","eventStatus":"https:\/\/schema.org\/EventScheduled","startDate":"2025-10-19T17:00:00+00:00","endDate":"2025-10-19T19:00:00+00:00","performer":"Organization"}}