{"id":63393,"global_id":"machera.lu?id=63393","global_id_lineage":["machera.lu?id=63393"],"author":"1","status":"publish","date":"2025-04-01 06:11:07","date_utc":"2025-04-01 06:11:07","modified":"2025-04-15 06:14:06","modified_utc":"2025-04-15 06:14:06","url":"https:\/\/machera.lu\/?tribe_events=the-musical-story-of-elvis&lang=en","rest_url":"https:\/\/machera.lu\/index.php?rest_route=\/tribe\/events\/v1\/events\/63393","title":"The musical story of Elvis","description":"<p class=\"\" data-start=\"0\" data-end=\"213\"><strong data-start=\"0\" data-end=\"78\">THE MUSICAL STORY OF ELVIS \u2013 The Resurrection of the King of Rock &#8217;n&#8216; Roll<\/strong><br data-start=\"78\" data-end=\"81\" \/>Two hours full of sound and passion. In 2025, this spectacular show celebrates what would have been the King&#8217;s 90th birthday \u2013 live!<\/p>\n<p class=\"\" data-start=\"215\" data-end=\"454\">The King lives \u2013 and THIS TIME it\u2019s for real: <strong data-start=\"261\" data-end=\"291\">THE MUSICAL STORY OF ELVIS<\/strong> brings Elvis Presley back to life, reviving the sound, spirit, and excitement of Elvis and his music \u2013 in the unmistakable style of his legendary Las Vegas shows.<\/p>\n<p class=\"\" data-start=\"456\" data-end=\"717\">This musical spectacle is a must-see not just for die-hard Elvis fans. After all, what better way to celebrate the 90th birthday of the inventor of rock &#8217;n&#8216; roll than with the unforgettable feeling of seeing him sing and dance right before your eyes on stage!<\/p>\n<p class=\"\" data-start=\"719\" data-end=\"1074\">Performer <strong data-start=\"729\" data-end=\"748\">Nils Strassburg<\/strong> transforms this two-hour live experience into a powerful and passionate musical tribute through time, thanks to his voice, signature hip swing, and authentic outfits, accompanied by the 10-piece show band <strong data-start=\"954\" data-end=\"976\">\u201cThe Roll Agents.\u201d<\/strong><br data-start=\"976\" data-end=\"979\" \/>He was named Germany\u2019s best Elvis impersonator by Time Warner \u2013 and he lives up to the title.<\/p>\n<p class=\"\" data-start=\"1076\" data-end=\"1386\">With immortal hits like <em data-start=\"1100\" data-end=\"1157\">\u201cBlue Suede Shoes,\u201d \u201cJailhouse Rock,\u201d \u201cLove Me Tender,\u201d<\/em> and <em data-start=\"1162\" data-end=\"1180\">\u201cIn The Ghetto,\u201d<\/em> Nils, as Elvis, makes the audience\u2019s eyes light up and their feet start moving. The emotions are tangible \u2013 as if the legend himself were striding across the stage, carried by the eternal love of his fans.<\/p>\n<p><\/p>\n<div class=\"sc_item_button sc_button_wrap\"><a class=\"sc_button sc_button_decoration sc_button_size_large sc_button_icon_left\" href=\"http:\/\/tickets.luxembourg-ticket.lu\/38308\"><span class=\"sc_button_text\"><span class=\"sc_button_title\">Tickets<\/span><\/span><\/a><\/div>\n<h6>Tickets zu diesem Event k\u00f6nnen ebenfalls dienstags und donnerstags von 15 &#8211; 19 Uhr an der Kasse im Kulturzentrum Machera gekauft werden. Die Abendkasse \u00f6ffnet 2 Stunden vor dem Event.<\/h6>\n<h6>Tickets for this event can also be purchased at the box office in the Machera Cultural Center on Tuesdays and Thursdays from 3 PM to 7 PM. The evening box office opens 2 hours before the event.<\/h6>\n<h6>Les billets pour cet \u00e9v\u00e9nement peuvent \u00e9galement \u00eatre achet\u00e9s \u00e0 la billetterie du Centre Culturel Machera les mardis et jeudis de 15h \u00e0 19h. La billetterie du soir ouvre 2 heures avant l\u2019\u00e9v\u00e9nement.<\/h6>","excerpt":"<p>THE MUSICAL STORY OF ELVIS \u2013 The Resurrection of the King of Rock &#8217;n&#8216; Roll &#8211; Two hours full of sound and passion. In 2025, this spectacular show celebrates what would have been the King&#8217;s 90th birthday \u2013 live!<\/p>","slug":"the-musical-story-of-elvis","image":{"url":"https:\/\/machera.lu\/wp-content\/uploads\/2025\/04\/01.jpg","id":63390,"extension":"jpg","width":1920,"height":1280,"filesize":305321,"sizes":{"medium":{"width":300,"height":200,"mime-type":"image\/jpeg","filesize":31920,"url":"https:\/\/machera.lu\/wp-content\/uploads\/2025\/04\/01-300x200.jpg"},"large":{"width":1024,"height":683,"mime-type":"image\/jpeg","filesize":72598,"url":"https:\/\/machera.lu\/wp-content\/uploads\/2025\/04\/01-1024x683.jpg"},"thumbnail":{"width":150,"height":150,"mime-type":"image\/jpeg","filesize":28459,"url":"https:\/\/machera.lu\/wp-content\/uploads\/2025\/04\/01-150x150.jpg"},"medium_large":{"width":768,"height":512,"mime-type":"image\/jpeg","filesize":55745,"url":"https:\/\/machera.lu\/wp-content\/uploads\/2025\/04\/01-768x512.jpg"},"1536x1536":{"width":1536,"height":1024,"mime-type":"image\/jpeg","filesize":111102,"url":"https:\/\/machera.lu\/wp-content\/uploads\/2025\/04\/01-1536x1024.jpg"},"post-thumbnail":{"width":370,"height":247,"mime-type":"image\/jpeg","filesize":34818,"url":"https:\/\/machera.lu\/wp-content\/uploads\/2025\/04\/01-370x247.jpg"},"eventicity-thumb-huge":{"width":1290,"height":725,"mime-type":"image\/jpeg","filesize":84900,"url":"https:\/\/machera.lu\/wp-content\/uploads\/2025\/04\/01-1290x725.jpg"},"eventicity-thumb-big":{"width":840,"height":473,"mime-type":"image\/jpeg","filesize":56553,"url":"https:\/\/machera.lu\/wp-content\/uploads\/2025\/04\/01-840x473.jpg"},"eventicity-thumb-med":{"width":410,"height":230,"mime-type":"image\/jpeg","filesize":35233,"url":"https:\/\/machera.lu\/wp-content\/uploads\/2025\/04\/01-410x230.jpg"},"eventicity-thumb-tiny":{"width":120,"height":120,"mime-type":"image\/jpeg","filesize":27321,"url":"https:\/\/machera.lu\/wp-content\/uploads\/2025\/04\/01-120x120.jpg"},"eventicity-thumb-masonry-big":{"width":840,"height":560,"mime-type":"image\/jpeg","filesize":60445,"url":"https:\/\/machera.lu\/wp-content\/uploads\/2025\/04\/01-840x560.jpg"},"eventicity-thumb-masonry":{"width":410,"height":273,"mime-type":"image\/jpeg","filesize":36593,"url":"https:\/\/machera.lu\/wp-content\/uploads\/2025\/04\/01-410x273.jpg"},"eventicity-thumb-rectangle":{"width":570,"height":696,"mime-type":"image\/jpeg","filesize":59899,"url":"https:\/\/machera.lu\/wp-content\/uploads\/2025\/04\/01-570x696.jpg"},"eventicity-thumb-medium-square":{"width":650,"height":572,"mime-type":"image\/jpeg","filesize":55173,"url":"https:\/\/machera.lu\/wp-content\/uploads\/2025\/04\/01-650x572.jpg"},"eventicity-thumb-square":{"width":890,"height":664,"mime-type":"image\/jpeg","filesize":66107,"url":"https:\/\/machera.lu\/wp-content\/uploads\/2025\/04\/01-890x664.jpg"},"woocommerce_thumbnail":{"width":630,"height":630,"mime-type":"image\/jpeg","filesize":58087,"url":"https:\/\/machera.lu\/wp-content\/uploads\/2025\/04\/01-630x630.jpg"},"woocommerce_single":{"width":600,"height":400,"mime-type":"image\/jpeg","filesize":46052,"url":"https:\/\/machera.lu\/wp-content\/uploads\/2025\/04\/01-600x400.jpg"},"woocommerce_gallery_thumbnail":{"width":150,"height":150,"mime-type":"image\/jpeg","filesize":28459,"url":"https:\/\/machera.lu\/wp-content\/uploads\/2025\/04\/01-150x150.jpg"},"trx_addons-thumb-small":{"width":270,"height":152,"mime-type":"image\/jpeg","filesize":30022,"url":"https:\/\/machera.lu\/wp-content\/uploads\/2025\/04\/01-270x152.jpg"},"trx_addons-thumb-portrait":{"width":370,"height":493,"mime-type":"image\/jpeg","filesize":45004,"url":"https:\/\/machera.lu\/wp-content\/uploads\/2025\/04\/01-370x493.jpg"},"trx_addons-thumb-avatar":{"width":370,"height":370,"mime-type":"image\/jpeg","filesize":40041,"url":"https:\/\/machera.lu\/wp-content\/uploads\/2025\/04\/01-370x370.jpg"}}},"all_day":false,"start_date":"2025-07-19 20:00:00","start_date_details":{"year":"2025","month":"07","day":"19","hour":"20","minutes":"00","seconds":"00"},"end_date":"2025-07-19 22:00:00","end_date_details":{"year":"2025","month":"07","day":"19","hour":"22","minutes":"00","seconds":"00"},"utc_start_date":"2025-07-19 20:00:00","utc_start_date_details":{"year":"2025","month":"07","day":"19","hour":"20","minutes":"00","seconds":"00"},"utc_end_date":"2025-07-19 22:00:00","utc_end_date_details":{"year":"2025","month":"07","day":"19","hour":"22","minutes":"00","seconds":"00"},"timezone":"UTC+0","timezone_abbr":"UTC+0","cost":"","cost_details":{"currency_symbol":"\u20ac","currency_code":"EUR","currency_position":"suffix","values":[]},"website":"","show_map":false,"show_map_link":true,"hide_from_listings":false,"sticky":false,"featured":false,"categories":[{"name":"Concert","slug":"concert-en","term_group":0,"term_taxonomy_id":347,"taxonomy":"tribe_events_cat","description":"","parent":0,"count":47,"filter":"raw","id":347,"urls":{"self":"https:\/\/machera.lu\/index.php?rest_route=\/tribe\/events\/v1\/categories\/347","collection":"https:\/\/machera.lu\/index.php?rest_route=\/tribe\/events\/v1\/categories"}}],"tags":[],"venue":[],"organizer":[],"json_ld":{"@context":"http:\/\/schema.org","@type":"Event","name":"The musical story of Elvis","description":"&lt;p&gt;THE MUSICAL STORY OF ELVIS \u2013 The Resurrection of the King of Rock \\'n\\' Roll - Two hours full of sound and passion. In 2025, this spectacular show celebrates what would have been the King\\'s 90th birthday \u2013 live!&lt;\/p&gt;\\n","image":"https:\/\/machera.lu\/wp-content\/uploads\/2025\/04\/01.jpg","url":"https:\/\/machera.lu\/?tribe_events=the-musical-story-of-elvis&lang=en","eventAttendanceMode":"https:\/\/schema.org\/OfflineEventAttendanceMode","eventStatus":"https:\/\/schema.org\/EventScheduled","startDate":"2025-07-19T20:00:00+00:00","endDate":"2025-07-19T22:00:00+00:00","performer":"Organization"}}