{"id":63334,"global_id":"machera.lu?id=63334","global_id_lineage":["machera.lu?id=63334"],"author":"1","status":"publish","date":"2025-03-12 09:03:47","date_utc":"2025-03-12 09:03:47","modified":"2025-03-27 09:25:21","modified_utc":"2025-03-27 09:25:21","url":"https:\/\/machera.lu\/?tribe_events=concert-mat-den-orchestere-vu-musekschoulen-aus-europaeesche-waein-regiounen&lang=en","rest_url":"https:\/\/machera.lu\/index.php?rest_route=\/tribe\/events\/v1\/events\/63334","title":"Concert mat den Orchestere vu Musekschoulen aus europ\u00e4esche W\u00e4in-Regiounen","description":"<p>M\u00ebttwochs, de 26. Februar 2025 huet d\u2019Regional Maacher Musekschoul zu Klosterneuburg an \u00cbisterr\u00e4ich eng Partnerschaft mat 4 aner europ\u00e4esche Musekschoulen aus W\u00e4in-Regiounen \u00ebnnerschriwwen.<\/p>\n<p><strong>D\u00e9i 4 Partner-Musekschoule sinn:<\/strong><\/p>\n<ul>\n<li>Kreismusikschule<br \/>\nSu\u0308dliche Weinstra\u00dfe<br \/>\nLandau (D\u00e4itschland)<\/li>\n<li>\u00c9cole municipale Bol\u00e9rO<br \/>\nmusique et danse<br \/>\nOberhausbergen-Mittelhausbergen (Frankr\u00e4ich)<\/li>\n<li>J.G. Albrechtsberger Musikschule<br \/>\nKlosterneuburg (Eisterr\u00e4ich)<\/li>\n<li>Cserm\u00e1k Antal<br \/>\nElementary School of Art<br \/>\nVeszpr\u00e9m(Ungarn)<\/li>\n<\/ul>\n<p><strong>Zil vun der Partnerschaft<\/strong><\/p>\n<p>D&#8217;Partner verpflichte sech, d&#8217;musikalesch a kulturell Bildung vun hire Schu\u0308ler duerch gemeinsam Aktivit\u00e9iten a Projeten ze ber\u00e4icheren an d&#8217;Versteesdemech an d&#8217;Fr\u00ebndschaft t\u00ebscht den Musekschoulen ze verd\u00e9iwen. D\u00ebst soll am Interesse vun de Jonken an de Schu\u0308ler gesch\u00e9ien an zur F\u00ebrderung vun engem oppenen, grenziwwerschreidenden Europa b\u00e4idroen.<\/p>\n<p><strong>Geplangte gemeinsam Aktivit\u00e9iten<\/strong><\/p>\n<ul>\n<li>Schu\u0308leraustausch, Programmer<\/li>\n<li>Enseignants-Austausch a Fortbildungen<\/li>\n<li>gemeinsam Concerten<\/li>\n<li>aner musikalesch Projeten<\/li>\n<\/ul>\n<p><strong>Eischte gemeinsame Projet<\/strong><\/p>\n<p>Samschdes, de 14. Juni 2025, um 18.30 Auer, f\u00ebnnt am Centre culturel Machera en \u00e9ischte gemeinsame Concert, mat der Participatioun vun den Orchestere vun de 5 Partner-Musekschoulen statt.<\/p>","excerpt":"<p>Samschdes, de 14. Juni 2025, um 18.30 Auer, f\u00ebnnt en \u00e9ischte gemeinsame Concert, mat der Participatioun vun den Orchestere vun de 5 Partner-Musekschoule vun der Regionaler Maacher Musekschoul statt.<\/p>","slug":"concert-mat-den-orchestere-vu-musekschoulen-aus-europaeesche-waein-regiounen","image":{"url":"https:\/\/machera.lu\/wp-content\/uploads\/2025\/03\/SLIDE_ECRAN_CONCERTMUSEKSCHOULPARTNERMUSEKSCHOULEN_MACHERA.jpg","id":63381,"extension":"jpg","width":1920,"height":1080,"filesize":1168651,"sizes":{"medium":{"width":300,"height":169,"mime-type":"image\/jpeg","filesize":24390,"url":"https:\/\/machera.lu\/wp-content\/uploads\/2025\/03\/SLIDE_ECRAN_CONCERTMUSEKSCHOULPARTNERMUSEKSCHOULEN_MACHERA-300x169.jpg"},"large":{"width":1024,"height":576,"mime-type":"image\/jpeg","filesize":114212,"url":"https:\/\/machera.lu\/wp-content\/uploads\/2025\/03\/SLIDE_ECRAN_CONCERTMUSEKSCHOULPARTNERMUSEKSCHOULEN_MACHERA-1024x576.jpg"},"thumbnail":{"width":150,"height":150,"mime-type":"image\/jpeg","filesize":18468,"url":"https:\/\/machera.lu\/wp-content\/uploads\/2025\/03\/SLIDE_ECRAN_CONCERTMUSEKSCHOULPARTNERMUSEKSCHOULEN_MACHERA-150x150.jpg"},"medium_large":{"width":768,"height":432,"mime-type":"image\/jpeg","filesize":75707,"url":"https:\/\/machera.lu\/wp-content\/uploads\/2025\/03\/SLIDE_ECRAN_CONCERTMUSEKSCHOULPARTNERMUSEKSCHOULEN_MACHERA-768x432.jpg"},"1536x1536":{"width":1536,"height":864,"mime-type":"image\/jpeg","filesize":202943,"url":"https:\/\/machera.lu\/wp-content\/uploads\/2025\/03\/SLIDE_ECRAN_CONCERTMUSEKSCHOULPARTNERMUSEKSCHOULEN_MACHERA-1536x864.jpg"},"post-thumbnail":{"width":370,"height":208,"mime-type":"image\/jpeg","filesize":29789,"url":"https:\/\/machera.lu\/wp-content\/uploads\/2025\/03\/SLIDE_ECRAN_CONCERTMUSEKSCHOULPARTNERMUSEKSCHOULEN_MACHERA-370x208.jpg"},"eventicity-thumb-huge":{"width":1290,"height":725,"mime-type":"image\/jpeg","filesize":158697,"url":"https:\/\/machera.lu\/wp-content\/uploads\/2025\/03\/SLIDE_ECRAN_CONCERTMUSEKSCHOULPARTNERMUSEKSCHOULEN_MACHERA-1290x725.jpg"},"eventicity-thumb-big":{"width":840,"height":473,"mime-type":"image\/jpeg","filesize":85955,"url":"https:\/\/machera.lu\/wp-content\/uploads\/2025\/03\/SLIDE_ECRAN_CONCERTMUSEKSCHOULPARTNERMUSEKSCHOULEN_MACHERA-840x473.jpg"},"eventicity-thumb-med":{"width":410,"height":230,"mime-type":"image\/jpeg","filesize":33087,"url":"https:\/\/machera.lu\/wp-content\/uploads\/2025\/03\/SLIDE_ECRAN_CONCERTMUSEKSCHOULPARTNERMUSEKSCHOULEN_MACHERA-410x230.jpg"},"eventicity-thumb-tiny":{"width":120,"height":120,"mime-type":"image\/jpeg","filesize":16502,"url":"https:\/\/machera.lu\/wp-content\/uploads\/2025\/03\/SLIDE_ECRAN_CONCERTMUSEKSCHOULPARTNERMUSEKSCHOULEN_MACHERA-120x120.jpg"},"eventicity-thumb-masonry-big":{"width":840,"height":473,"mime-type":"image\/jpeg","filesize":85900,"url":"https:\/\/machera.lu\/wp-content\/uploads\/2025\/03\/SLIDE_ECRAN_CONCERTMUSEKSCHOULPARTNERMUSEKSCHOULEN_MACHERA-840x473.jpg"},"eventicity-thumb-masonry":{"width":410,"height":231,"mime-type":"image\/jpeg","filesize":33044,"url":"https:\/\/machera.lu\/wp-content\/uploads\/2025\/03\/SLIDE_ECRAN_CONCERTMUSEKSCHOULPARTNERMUSEKSCHOULEN_MACHERA-410x231.jpg"},"eventicity-thumb-rectangle":{"width":570,"height":696,"mime-type":"image\/jpeg","filesize":82694,"url":"https:\/\/machera.lu\/wp-content\/uploads\/2025\/03\/SLIDE_ECRAN_CONCERTMUSEKSCHOULPARTNERMUSEKSCHOULEN_MACHERA-570x696.jpg"},"eventicity-thumb-medium-square":{"width":650,"height":572,"mime-type":"image\/jpeg","filesize":80053,"url":"https:\/\/machera.lu\/wp-content\/uploads\/2025\/03\/SLIDE_ECRAN_CONCERTMUSEKSCHOULPARTNERMUSEKSCHOULEN_MACHERA-650x572.jpg"},"eventicity-thumb-square":{"width":890,"height":664,"mime-type":"image\/jpeg","filesize":115574,"url":"https:\/\/machera.lu\/wp-content\/uploads\/2025\/03\/SLIDE_ECRAN_CONCERTMUSEKSCHOULPARTNERMUSEKSCHOULEN_MACHERA-890x664.jpg"},"woocommerce_thumbnail":{"width":630,"height":630,"mime-type":"image\/jpeg","filesize":82845,"url":"https:\/\/machera.lu\/wp-content\/uploads\/2025\/03\/SLIDE_ECRAN_CONCERTMUSEKSCHOULPARTNERMUSEKSCHOULEN_MACHERA-630x630.jpg"},"woocommerce_single":{"width":600,"height":338,"mime-type":"image\/jpeg","filesize":53718,"url":"https:\/\/machera.lu\/wp-content\/uploads\/2025\/03\/SLIDE_ECRAN_CONCERTMUSEKSCHOULPARTNERMUSEKSCHOULEN_MACHERA-600x338.jpg"},"woocommerce_gallery_thumbnail":{"width":150,"height":150,"mime-type":"image\/jpeg","filesize":18468,"url":"https:\/\/machera.lu\/wp-content\/uploads\/2025\/03\/SLIDE_ECRAN_CONCERTMUSEKSCHOULPARTNERMUSEKSCHOULEN_MACHERA-150x150.jpg"},"trx_addons-thumb-small":{"width":270,"height":152,"mime-type":"image\/jpeg","filesize":22178,"url":"https:\/\/machera.lu\/wp-content\/uploads\/2025\/03\/SLIDE_ECRAN_CONCERTMUSEKSCHOULPARTNERMUSEKSCHOULEN_MACHERA-270x152.jpg"},"trx_addons-thumb-portrait":{"width":370,"height":493,"mime-type":"image\/jpeg","filesize":49360,"url":"https:\/\/machera.lu\/wp-content\/uploads\/2025\/03\/SLIDE_ECRAN_CONCERTMUSEKSCHOULPARTNERMUSEKSCHOULEN_MACHERA-370x493.jpg"},"trx_addons-thumb-avatar":{"width":370,"height":370,"mime-type":"image\/jpeg","filesize":41833,"url":"https:\/\/machera.lu\/wp-content\/uploads\/2025\/03\/SLIDE_ECRAN_CONCERTMUSEKSCHOULPARTNERMUSEKSCHOULEN_MACHERA-370x370.jpg"}}},"all_day":false,"start_date":"2025-06-14 18:30:00","start_date_details":{"year":"2025","month":"06","day":"14","hour":"18","minutes":"30","seconds":"00"},"end_date":"2025-06-14 20:30:00","end_date_details":{"year":"2025","month":"06","day":"14","hour":"20","minutes":"30","seconds":"00"},"utc_start_date":"2025-06-14 18:30:00","utc_start_date_details":{"year":"2025","month":"06","day":"14","hour":"18","minutes":"30","seconds":"00"},"utc_end_date":"2025-06-14 20:30:00","utc_end_date_details":{"year":"2025","month":"06","day":"14","hour":"20","minutes":"30","seconds":"00"},"timezone":"UTC+0","timezone_abbr":"UTC+0","cost":"","cost_details":{"currency_symbol":"\u20ac","currency_code":"EUR","currency_position":"suffix","values":[]},"website":"","show_map":false,"show_map_link":true,"hide_from_listings":false,"sticky":false,"featured":false,"categories":[{"name":"Concert","slug":"concert-en","term_group":0,"term_taxonomy_id":347,"taxonomy":"tribe_events_cat","description":"","parent":0,"count":47,"filter":"raw","id":347,"urls":{"self":"https:\/\/machera.lu\/index.php?rest_route=\/tribe\/events\/v1\/categories\/347","collection":"https:\/\/machera.lu\/index.php?rest_route=\/tribe\/events\/v1\/categories"}}],"tags":[],"venue":[],"organizer":[{"id":63332,"author":"1","status":"publish","date":"2025-03-12 09:03:48","date_utc":"2025-03-12 09:03:48","modified":"2025-03-12 09:03:48","modified_utc":"2025-03-12 09:03:48","url":"https:\/\/machera.lu\/?tribe_organizer=regional-maacher-musekschoul","organizer":"Regional Maacher Musekschoul","slug":"regional-maacher-musekschoul","phone":"(+352) 75 03 11 4200","website":"https:\/\/www.maacher-musekschoul.lu","email":"info@maacher-musekschoul.lu","json_ld":{"@type":"Person","name":"Regional Maacher Musekschoul","description":"","url":"https:\/\/www.maacher-musekschoul.lu","telephone":"(+352) 75 03 11 4200","email":"&#105;&#110;&#102;&#111;&#64;&#109;aa&#99;h&#101;r-&#109;u&#115;ek&#115;&#99;&#104;&#111;u&#108;.l&#117;","sameAs":"https:\/\/www.maacher-musekschoul.lu"},"global_id":"machera.lu?id=63332","global_id_lineage":["machera.lu?id=63332"]}],"json_ld":{"@context":"http:\/\/schema.org","@type":"Event","name":"Concert mat den Orchestere vu Musekschoulen aus europ\u00e4esche W\u00e4in-Regiounen","description":"&lt;p&gt;Samschdes, de 14. Juni 2025, um 18.30 Auer, f\u00ebnnt en \u00e9ischte gemeinsame Concert, mat der Participatioun vun den Orchestere vun de 5 Partner-Musekschoule vun der Regionaler Maacher Musekschoul statt.&lt;\/p&gt;\\n","image":"https:\/\/machera.lu\/wp-content\/uploads\/2025\/03\/SLIDE_ECRAN_CONCERTMUSEKSCHOULPARTNERMUSEKSCHOULEN_MACHERA.jpg","url":"https:\/\/machera.lu\/?tribe_events=concert-mat-den-orchestere-vu-musekschoulen-aus-europaeesche-waein-regiounen&lang=en","eventAttendanceMode":"https:\/\/schema.org\/OfflineEventAttendanceMode","eventStatus":"https:\/\/schema.org\/EventScheduled","startDate":"2025-06-14T18:30:00+00:00","endDate":"2025-06-14T20:30:00+00:00","organizer":{"@type":"Person","name":"Regional Maacher Musekschoul","description":"","url":"https:\/\/www.maacher-musekschoul.lu","telephone":"(+352) 75 03 11 4200","email":"&#105;nf&#111;&#64;ma&#97;&#99;&#104;er-m&#117;&#115;&#101;&#107;&#115;c&#104;&#111;ul.lu","sameAs":"https:\/\/www.maacher-musekschoul.lu"},"performer":"Organization"}}