{"events":[{"id":64529,"global_id":"machera.lu?id=64529","global_id_lineage":["machera.lu?id=64529"],"author":"3","status":"publish","date":"2025-12-08 08:45:21","date_utc":"2025-12-08 08:45:21","modified":"2026-02-04 15:29:34","modified_utc":"2026-02-04 15:29:34","url":"https:\/\/machera.lu\/?tribe_events=yakari-freunde-fuers-leben","rest_url":"https:\/\/machera.lu\/index.php?rest_route=\/tribe\/events\/v1\/events\/64529","title":"YAKARI &#8211; Freunde f\u00fcrs Leben","description":"<p><strong>YAKARI \u2013 Freunde f\u00fcrs Leben: Das mehrfach ausgezeichnete Musical-Abenteuer geht 2026 weiter!<\/strong><br \/>\nDas mitrei\u00dfende und zweifach mit Sold Out Awards ausgezeichnete Familienmusical &#8222;YAKARI \u2013 Freunde f\u00fcrs Leben&#8220; setzt seine Erfolgsgeschichte fort und geht ab 2026 erneut auf gro\u00dfe Deutschlandtournee! Wenn Yakari die B\u00fchne betritt, gibt es im Publikum kein Halten mehr! Komponist und Autor Thomas Schwab hat mit &#8222;YAKARI \u2013 Freunde f\u00fcrs Leben&#8220; eine Show geschaffen, die die Herzen der Zuschauer im Sturm erobert. Mehr als 180.000 begeisterte Besucher str\u00f6mten bereits in die ausverkauften Hallen und Theater, um die spannenden Abenteuer des naturverbundenen Helden und seiner Freunde Kleiner Donner, Kleiner Dachs, M\u00fcder Krieger, Regenbogen und Lindenbaum mitzuerleben.<br \/>\nDas Ensemble begeistert die kleinen und gro\u00dfen Zuschauer mit wunderbaren Stimmen, einzigartigen Kost\u00fcmen sowie lustigen Schauspiel-Szenen und energiegeladenen T\u00e4nzen. Die farbenpr\u00e4chtigen B\u00fchnenbilder und Projektionen sowie die ergreifenden Songs machen das Musical zu einem fantastischen Erlebnis f\u00fcr die ganze Familie. YAKARI nimmt Kinder, Eltern und Gro\u00dfeltern mit auf eine spannende und faszinierende musikalische<\/p>\n<div class=\"sc_item_button sc_button_wrap\"><a class=\"sc_button sc_button_decoration sc_button_size_large sc_button_icon_left\" href=\"https:\/\/www.luxembourg-ticket.lu\/fr\/details\/yakari-freunde-fuers-leben\/8\/nokill,1\/eid,68547\/yakari-freunde-fuers-leben.html\"><span class=\"sc_button_text\"><span class=\"sc_button_title\">Tickets<\/span><\/span><\/a><\/div>\n<h6>Tickets zu diesem Event k\u00f6nnen ebenfalls dienstags und donnerstags von 15 &#8211; 19 Uhr an der Kasse im Kulturzentrum Machera gekauft werden. Die Abendkasse \u00f6ffnet 2 Stunden vor dem Event.<\/h6>","excerpt":"<p>AKARI \u2013 Freunde f\u00fcrs Leben: Das mehrfach ausgezeichnete Musical-Abenteuer geht 2026 weiter!<br \/>\nDas mitrei\u00dfende und zweifach mit Sold Out Awards ausgezeichnete Familienmusical &#8222;YAKARI \u2013 Freunde f\u00fcrs Leben&#8220; setzt seine Erfolgsgeschichte fort und geht ab 2026 erneut auf gro\u00dfe Deutschlandtournee! Wenn Yakari die B\u00fchne betritt, gibt es im Publikum kein Halten mehr! Komponist und Autor Thomas Schwab hat mit &#8222;YAKARI \u2013 Freunde f\u00fcrs Leben&#8220; eine Show geschaffen, die die Herzen der Zuschauer im Sturm erobert. Mehr als 180.000 begeisterte Besucher str\u00f6mten bereits in die ausverkauften Hallen und Theater, um die spannenden Abenteuer des naturverbundenen Helden und seiner Freunde Kleiner Donner, Kleiner Dachs, M\u00fcder Krieger, Regenbogen und Lindenbaum mitzuerleben.<\/p>\n<p>&nbsp;<\/p>\n<div class=\"sc_item_button sc_button_wrap\"><a class=\"sc_button sc_button_decoration sc_button_size_large sc_button_icon_left\" href=\"https:\/\/machera.lu\/?tribe_events=yakari-freunde-fuers-leben\"><span class=\"sc_button_text\"><span class=\"sc_button_title\">Info \/ Tickets<\/span><\/span><\/a><\/div>","slug":"yakari-freunde-fuers-leben","image":{"url":"https:\/\/machera.lu\/wp-content\/uploads\/2025\/12\/cms.jpg","id":64533,"extension":"jpg","width":450,"height":426,"filesize":215776,"sizes":{"medium":{"width":300,"height":284,"mime-type":"image\/jpeg","filesize":18994,"url":"https:\/\/machera.lu\/wp-content\/uploads\/2025\/12\/cms-300x284.jpg"},"thumbnail":{"width":150,"height":150,"mime-type":"image\/jpeg","filesize":6826,"url":"https:\/\/machera.lu\/wp-content\/uploads\/2025\/12\/cms-150x150.jpg"},"post-thumbnail":{"width":370,"height":350,"mime-type":"image\/jpeg","filesize":25457,"url":"https:\/\/machera.lu\/wp-content\/uploads\/2025\/12\/cms-370x350.jpg"},"eventicity-thumb-med":{"width":410,"height":230,"mime-type":"image\/jpeg","filesize":20519,"url":"https:\/\/machera.lu\/wp-content\/uploads\/2025\/12\/cms-410x230.jpg"},"eventicity-thumb-tiny":{"width":120,"height":120,"mime-type":"image\/jpeg","filesize":4628,"url":"https:\/\/machera.lu\/wp-content\/uploads\/2025\/12\/cms-120x120.jpg"},"eventicity-thumb-masonry":{"width":410,"height":388,"mime-type":"image\/jpeg","filesize":29127,"url":"https:\/\/machera.lu\/wp-content\/uploads\/2025\/12\/cms-410x388.jpg"},"trx_addons-thumb-small":{"width":270,"height":152,"mime-type":"image\/jpeg","filesize":11341,"url":"https:\/\/machera.lu\/wp-content\/uploads\/2025\/12\/cms-270x152.jpg"},"trx_addons-thumb-portrait":{"width":370,"height":426,"mime-type":"image\/jpeg","filesize":34023,"url":"https:\/\/machera.lu\/wp-content\/uploads\/2025\/12\/cms-370x426.jpg"},"trx_addons-thumb-avatar":{"width":370,"height":370,"mime-type":"image\/jpeg","filesize":26955,"url":"https:\/\/machera.lu\/wp-content\/uploads\/2025\/12\/cms-370x370.jpg"}}},"all_day":false,"start_date":"2026-05-14 15:30:00","start_date_details":{"year":"2026","month":"05","day":"14","hour":"15","minutes":"30","seconds":"00"},"end_date":"2026-05-14 15:30:00","end_date_details":{"year":"2026","month":"05","day":"14","hour":"15","minutes":"30","seconds":"00"},"utc_start_date":"2026-05-14 15:30:00","utc_start_date_details":{"year":"2026","month":"05","day":"14","hour":"15","minutes":"30","seconds":"00"},"utc_end_date":"2026-05-14 15:30:00","utc_end_date_details":{"year":"2026","month":"05","day":"14","hour":"15","minutes":"30","seconds":"00"},"timezone":"UTC+0","timezone_abbr":"UTC+0","cost":"","cost_details":{"currency_symbol":"\u20ac","currency_code":"EUR","currency_position":"suffix","values":[]},"website":"","show_map":false,"show_map_link":true,"hide_from_listings":false,"sticky":false,"featured":false,"categories":[{"name":"Kinder","slug":"kinder","term_group":0,"term_taxonomy_id":358,"taxonomy":"tribe_events_cat","description":"","parent":0,"count":7,"filter":"raw","id":358,"urls":{"self":"https:\/\/machera.lu\/index.php?rest_route=\/tribe\/events\/v1\/categories\/358","collection":"https:\/\/machera.lu\/index.php?rest_route=\/tribe\/events\/v1\/categories"}},{"name":"Musical","slug":"musical-2","term_group":0,"term_taxonomy_id":345,"taxonomy":"tribe_events_cat","description":"","parent":0,"count":10,"filter":"raw","id":345,"urls":{"self":"https:\/\/machera.lu\/index.php?rest_route=\/tribe\/events\/v1\/categories\/345","collection":"https:\/\/machera.lu\/index.php?rest_route=\/tribe\/events\/v1\/categories"}}],"tags":[],"venue":[],"organizer":[]},{"id":64414,"global_id":"machera.lu?id=64414","global_id_lineage":["machera.lu?id=64414"],"author":"3","status":"publish","date":"2025-11-21 15:09:45","date_utc":"2025-11-21 15:09:45","modified":"2026-02-02 10:39:43","modified_utc":"2026-02-02 10:39:43","url":"https:\/\/machera.lu\/?tribe_events=pinocchio","rest_url":"https:\/\/machera.lu\/index.php?rest_route=\/tribe\/events\/v1\/events\/64414","title":"Pinocchio","description":"<p><img fetchpriority=\"high\" decoding=\"async\" class=\"wp-image-64418 alignleft\" src=\"https:\/\/machera.lu\/wp-content\/uploads\/2025\/11\/Pinoccio-1-Credit-Stefan-Hoyer-200x300.jpg\" alt=\"\" width=\"221\" height=\"332\" srcset=\"https:\/\/machera.lu\/wp-content\/uploads\/2025\/11\/Pinoccio-1-Credit-Stefan-Hoyer-200x300.jpg 200w, https:\/\/machera.lu\/wp-content\/uploads\/2025\/11\/Pinoccio-1-Credit-Stefan-Hoyer-683x1024.jpg 683w, https:\/\/machera.lu\/wp-content\/uploads\/2025\/11\/Pinoccio-1-Credit-Stefan-Hoyer-768x1152.jpg 768w, https:\/\/machera.lu\/wp-content\/uploads\/2025\/11\/Pinoccio-1-Credit-Stefan-Hoyer-1024x1536.jpg 1024w, https:\/\/machera.lu\/wp-content\/uploads\/2025\/11\/Pinoccio-1-Credit-Stefan-Hoyer-1365x2048.jpg 1365w, https:\/\/machera.lu\/wp-content\/uploads\/2025\/11\/Pinoccio-1-Credit-Stefan-Hoyer-370x555.jpg 370w, https:\/\/machera.lu\/wp-content\/uploads\/2025\/11\/Pinoccio-1-Credit-Stefan-Hoyer-840x1260.jpg 840w, https:\/\/machera.lu\/wp-content\/uploads\/2025\/11\/Pinoccio-1-Credit-Stefan-Hoyer-410x615.jpg 410w, https:\/\/machera.lu\/wp-content\/uploads\/2025\/11\/Pinoccio-1-Credit-Stefan-Hoyer-scaled.jpg 1707w\" sizes=\"(max-width: 221px) 100vw, 221px\" \/><strong>Pinocchio &#8211; Das Kindermusical<\/strong><\/p>\n<p><strong>Das Musical f\u00fcr die ganze Familie<br \/>\n<\/strong><br \/>\n<strong>Nach der ber\u00fchmten Geschichte von Carlos Collodi.<br \/>\nTextbuch von Christian Berg und Musik von Konstantin Wecker.<\/strong><\/p>\n<p>Pinocchio, aus Pinienholz von Gepetto geschnitzt, wird von der guten Fee Antonella zum Leben erweckt.<br \/>\nUm ein richtiger Junge zu werden, muss er flei\u00dfig zur Schule gehen und ehrlich sein.<br \/>\nDoch der schlaue Fuchs Amadeo und der vergessliche Kater Cerubino f\u00fchren ihn st\u00e4ndig in die Irre.<br \/>\nWeil Pinocchio seinem Vater gefallen m\u00f6chte, erz\u00e4hlt er manchmal kleine L\u00fcgen \u2013 was man sofort an seiner wachsenden Nase erkennt.<br \/>\nAuf seinem Weg muss er viele Abenteuer bestehen, damit sein gr\u00f6\u00dfter Wunsch wahr wird.<\/p>\n<div class=\"sc_item_button sc_button_wrap\" style=\"text-align: left;\"><a class=\"sc_button sc_button_decoration sc_button_size_large sc_button_icon_left\" href=\"https:\/\/www.luxembourg-ticket.lu\/fr\/8\/eid,68509\/pinocchio-das-kindermusical.html\"><span class=\"sc_button_text\"><span class=\"sc_button_title\">Tickets<\/span><\/span><\/a><\/div>\n<h6 style=\"text-align: left;\">Tickets zu diesem Event k\u00f6nnen ebenfalls dienstags und donnerstags von 15 &#8211; 19 Uhr an der Kasse im Kulturzentrum Machera gekauft werden. Die Abendkasse \u00f6ffnet 2 Stunden vor dem Event.<\/h6>","excerpt":"<p>Pinocchio, aus Pinienholz von Gepetto geschnitzt, wird von der guten Fee Antonella zum Leben erweckt. Um ein richtiger Junge zu werden, muss er flei\u00dfig zur Schule gehen und ehrlich sein.<br \/>\nDoch der schlaue Fuchs Amadeo und der vergessliche Kater Cerubino f\u00fchren ihn st\u00e4ndig in die Irre. Weil Pinocchio seinem Vater gefallen m\u00f6chte, erz\u00e4hlt er manchmal kleine L\u00fcgen \u2013 was man sofort an seiner wachsenden Nase erkennt.<br \/>\nAuf seinem Weg muss er viele Abenteuer bestehen, damit sein gr\u00f6\u00dfter Wunsch wahr wird.<\/p>\n<p>&nbsp;<\/p>\n<div class=\"sc_item_button sc_button_wrap\"><a class=\"sc_button sc_button_decoration sc_button_size_large sc_button_icon_left\" href=\"https:\/\/machera.lu\/?tribe_events=pinocchio\"><span class=\"sc_button_text\"><span class=\"sc_button_title\">Info \/ Tickets<\/span><\/span><\/a><\/div>","slug":"pinocchio","image":{"url":"https:\/\/machera.lu\/wp-content\/uploads\/2025\/11\/Pinocchio-Logo-Quadrat-WEB-scaled.jpg","id":64415,"extension":"jpg","width":2560,"height":2560,"filesize":477469,"sizes":{"medium":{"width":300,"height":300,"mime-type":"image\/jpeg","filesize":22550,"url":"https:\/\/machera.lu\/wp-content\/uploads\/2025\/11\/Pinocchio-Logo-Quadrat-WEB-300x300.jpg"},"large":{"width":1024,"height":1024,"mime-type":"image\/jpeg","filesize":137860,"url":"https:\/\/machera.lu\/wp-content\/uploads\/2025\/11\/Pinocchio-Logo-Quadrat-WEB-1024x1024.jpg"},"thumbnail":{"width":150,"height":150,"mime-type":"image\/jpeg","filesize":7310,"url":"https:\/\/machera.lu\/wp-content\/uploads\/2025\/11\/Pinocchio-Logo-Quadrat-WEB-150x150.jpg"},"medium_large":{"width":768,"height":768,"mime-type":"image\/jpeg","filesize":92150,"url":"https:\/\/machera.lu\/wp-content\/uploads\/2025\/11\/Pinocchio-Logo-Quadrat-WEB-768x768.jpg"},"1536x1536":{"width":1536,"height":1536,"mime-type":"image\/jpeg","filesize":240714,"url":"https:\/\/machera.lu\/wp-content\/uploads\/2025\/11\/Pinocchio-Logo-Quadrat-WEB-1536x1536.jpg"},"2048x2048":{"width":2048,"height":2048,"mime-type":"image\/jpeg","filesize":354089,"url":"https:\/\/machera.lu\/wp-content\/uploads\/2025\/11\/Pinocchio-Logo-Quadrat-WEB-2048x2048.jpg"},"post-thumbnail":{"width":370,"height":370,"mime-type":"image\/jpeg","filesize":31616,"url":"https:\/\/machera.lu\/wp-content\/uploads\/2025\/11\/Pinocchio-Logo-Quadrat-WEB-370x370.jpg"},"eventicity-thumb-huge":{"width":1290,"height":725,"mime-type":"image\/jpeg","filesize":103206,"url":"https:\/\/machera.lu\/wp-content\/uploads\/2025\/11\/Pinocchio-Logo-Quadrat-WEB-1290x725.jpg"},"eventicity-thumb-big":{"width":840,"height":473,"mime-type":"image\/jpeg","filesize":57628,"url":"https:\/\/machera.lu\/wp-content\/uploads\/2025\/11\/Pinocchio-Logo-Quadrat-WEB-840x473.jpg"},"eventicity-thumb-med":{"width":410,"height":230,"mime-type":"image\/jpeg","filesize":19927,"url":"https:\/\/machera.lu\/wp-content\/uploads\/2025\/11\/Pinocchio-Logo-Quadrat-WEB-410x230.jpg"},"eventicity-thumb-tiny":{"width":120,"height":120,"mime-type":"image\/jpeg","filesize":4964,"url":"https:\/\/machera.lu\/wp-content\/uploads\/2025\/11\/Pinocchio-Logo-Quadrat-WEB-120x120.jpg"},"eventicity-thumb-masonry-big":{"width":840,"height":840,"mime-type":"image\/jpeg","filesize":105982,"url":"https:\/\/machera.lu\/wp-content\/uploads\/2025\/11\/Pinocchio-Logo-Quadrat-WEB-840x840.jpg"},"eventicity-thumb-masonry":{"width":410,"height":410,"mime-type":"image\/jpeg","filesize":37027,"url":"https:\/\/machera.lu\/wp-content\/uploads\/2025\/11\/Pinocchio-Logo-Quadrat-WEB-410x410.jpg"},"eventicity-thumb-rectangle":{"width":570,"height":696,"mime-type":"image\/jpeg","filesize":69718,"url":"https:\/\/machera.lu\/wp-content\/uploads\/2025\/11\/Pinocchio-Logo-Quadrat-WEB-570x696.jpg"},"eventicity-thumb-medium-square":{"width":650,"height":572,"mime-type":"image\/jpeg","filesize":66685,"url":"https:\/\/machera.lu\/wp-content\/uploads\/2025\/11\/Pinocchio-Logo-Quadrat-WEB-650x572.jpg"},"eventicity-thumb-square":{"width":890,"height":664,"mime-type":"image\/jpeg","filesize":85597,"url":"https:\/\/machera.lu\/wp-content\/uploads\/2025\/11\/Pinocchio-Logo-Quadrat-WEB-890x664.jpg"},"trx_addons-thumb-small":{"width":270,"height":152,"mime-type":"image\/jpeg","filesize":10441,"url":"https:\/\/machera.lu\/wp-content\/uploads\/2025\/11\/Pinocchio-Logo-Quadrat-WEB-270x152.jpg"},"trx_addons-thumb-portrait":{"width":370,"height":493,"mime-type":"image\/jpeg","filesize":39482,"url":"https:\/\/machera.lu\/wp-content\/uploads\/2025\/11\/Pinocchio-Logo-Quadrat-WEB-370x493.jpg"},"trx_addons-thumb-avatar":{"width":370,"height":370,"mime-type":"image\/jpeg","filesize":31616,"url":"https:\/\/machera.lu\/wp-content\/uploads\/2025\/11\/Pinocchio-Logo-Quadrat-WEB-370x370.jpg"}},"original_image":"Pinocchio-Logo-Quadrat-WEB.jpg"},"all_day":false,"start_date":"2026-10-18 15:00:00","start_date_details":{"year":"2026","month":"10","day":"18","hour":"15","minutes":"00","seconds":"00"},"end_date":"2026-10-18 15:00:00","end_date_details":{"year":"2026","month":"10","day":"18","hour":"15","minutes":"00","seconds":"00"},"utc_start_date":"2026-10-18 15:00:00","utc_start_date_details":{"year":"2026","month":"10","day":"18","hour":"15","minutes":"00","seconds":"00"},"utc_end_date":"2026-10-18 15:00:00","utc_end_date_details":{"year":"2026","month":"10","day":"18","hour":"15","minutes":"00","seconds":"00"},"timezone":"UTC+0","timezone_abbr":"UTC+0","cost":"","cost_details":{"currency_symbol":"\u20ac","currency_code":"EUR","currency_position":"suffix","values":[]},"website":"","show_map":false,"show_map_link":true,"hide_from_listings":false,"sticky":false,"featured":false,"categories":[{"name":"Musical","slug":"musical-2","term_group":0,"term_taxonomy_id":345,"taxonomy":"tribe_events_cat","description":"","parent":0,"count":10,"filter":"raw","id":345,"urls":{"self":"https:\/\/machera.lu\/index.php?rest_route=\/tribe\/events\/v1\/categories\/345","collection":"https:\/\/machera.lu\/index.php?rest_route=\/tribe\/events\/v1\/categories"}}],"tags":[],"venue":[],"organizer":[]},{"id":65059,"global_id":"machera.lu?id=65059","global_id_lineage":["machera.lu?id=65059"],"author":"6","status":"publish","date":"2026-03-16 12:14:53","date_utc":"2026-03-16 12:14:53","modified":"2026-04-14 07:06:44","modified_utc":"2026-04-14 07:06:44","url":"https:\/\/machera.lu\/?tribe_events=thalis-und-die-magischen-kristalle","rest_url":"https:\/\/machera.lu\/index.php?rest_route=\/tribe\/events\/v1\/events\/65059","title":"Tabaluga und Lilli","description":"<p class=\"x_MsoNormal\"><b><span data-olk-copy-source=\"MessageBody\">Whynot Events pr\u00e4sentiert:\u00a0<\/span><\/b><\/p>\n<p class=\"x_MsoNormal\"><b>Tabaluga und Lilli\u00a0<\/b><\/p>\n<p><strong>Das drachenstarke Musical f\u00fcr die ganze Familie<\/strong><\/p>\n<div>\n<div class=\"et_pb_column et_pb_column_1_2 et_pb_column_5 et_pb_css_mix_blend_mode_passthrough et-last-child\">\n<div class=\"et_pb_module et_pb_text et_pb_text_2 et_pb_text_align_left et_pb_bg_layout_light\">\n<div class=\"et_pb_text_inner\">\n<p>Nachdem Tabaluga die Vernunft im ersten Teil gefunden hat, begibt er sich nun auf eine weitere phantastische Reise.<br \/>\nVor langer, langer Zeit lebten einst die Drachen und sch\u00fctzten mit der W\u00e4rme ihres Feuers die Welt vor der K\u00e4lte des Eises.<br \/>\nDoch mit der Zeit begann das Eis alles Lebendige zu vernichten. Arktos, ein schrecklicher Schneemann, hat das Bestreben die Welt mit Eis zu \u00fcberziehen.<br \/>\nDer alte Drache Tyrion m\u00f6chte seinen kleinen Sohn Tabaluga auf seine ihm vorherbestimmte Aufgabe die Welt zu sch\u00fctzen vorzubereiten. Doch daf\u00fcr muss Tabaluga das Wahre Feuer finden, denn nur so kann der den Machenschaften von Arktos ein Ende setzen.<br \/>\nTabaluga hat die Unterst\u00fctzung eines Magiers und der Drache zieht nun los um das Feuer zu finden.<br \/>\nTabaluga stellt sich vielen Gefahren, wie in Gestalt der Spinnenfrau Tarantula, und lernt auch sch\u00f6ne Dinge kennen.<br \/>\nSo lernt Tabaluga, dass die Welt mit all dem Guten und dem B\u00f6sen wunderbar und wert ist gerettet zu werden.<br \/>\nArktos will verhindern, dass Tabaluga seiner Bestimmung gerecht wird und erschafft aus purem Eis ein wundersch\u00f6nes Wesen, das M\u00e4dchen Lilli.<br \/>\nLillis einzige Aufgabe soll es sein Tabaluga von seiner Suche nach dem Wahren Feuer abzulenken.<br \/>\nTabaluga verliebt sich wie von Arktos geplant in Lilli, doch dadurch lernt Tabaluga eine gro\u00dfe und sch\u00f6ne Macht kennen: Die Liebe.<br \/>\nTabaluga und Lilli ist ein gro\u00dfartiges Live-Familien-Erlebnis.<br \/>\nMit viel Liebe zum Original werden Tabalugas Abenteuer wiederum in eine m\u00e4rchenhafte Musical-Fassung f\u00fcr die ganze Familie verwandelt.<br \/>\nLiebevolle Kost\u00fcme und innovative B\u00fchnenbilder erwecken die Welt des kleinen Drachen zum Leben.<br \/>\nDie bekannten <strong>Hits u.a. von Peter Maffay<\/strong> bieten beste Musical-Unterhaltung f\u00fcr Jungs und M\u00e4dchen <strong>ab vier Jahren<\/strong> und f\u00fcr alle, die das Kind in sich noch einmal zum Leben erwecken wollen.<\/p>\n<\/div>\n<\/div>\n<\/div>\n<p><a class=\"sc_button sc_button_decoration sc_button_size_large sc_button_icon_left\" href=\"https:\/\/ticket.luxembourg-ticket.lu\/eventim.webshop\/webticket\/seatmap?eventId=40219\" target=\"_blank\" rel=\"noopener\"><span class=\"sc_button_text\"><span class=\"sc_button_title\">Tickets<\/span><\/span><\/a><\/p>\n<p>&nbsp;<\/p>\n<p><strong>Sprache : Deutsch<\/strong><\/p>\n<\/div>","excerpt":"<p>Whynot Events pr\u00e4sentiert:\u00a0<br \/>\nTabaluga und Lilli\u00a0<\/p>\n<p>Das drachenstarke Musical f\u00fcr die ganze Familie<\/p>\n<p>Nachdem Tabaluga die Vernunft im ersten Teil gefunden hat, begibt er sich nun auf eine weitere phantastische Reise.<br \/>\nVor langer, langer Zeit lebten einst die Drachen und sch\u00fctzten mit der W\u00e4rme ihres Feuers die Welt vor der K\u00e4lte des Eises.<br \/>\nDoch mit der Zeit begann das Eis alles Lebendige zu vernichten. Arktos, ein schrecklicher Schneemann, hat das Bestreben die Welt mit Eis zu \u00fcberziehen.<br \/>\nDer alte Drache Tyrion m\u00f6chte seinen kleinen Sohn Tabaluga auf seine ihm vorherbestimmte Aufgabe die Welt zu sch\u00fctzen vorzubereiten. Doch daf\u00fcr muss Tabaluga das Wahre Feuer finden, denn nur so kann der den Machenschaften von Arktos ein Ende setzen.<br \/>\nTabaluga hat die Unterst\u00fctzung eines Magiers und der Drache zieht nun los um das Feuer zu finden.<br \/>\nTabaluga stellt sich vielen Gefahren, wie in Gestalt der Spinnenfrau Tarantula, und lernt auch sch\u00f6ne Dinge kennen.<br \/>\nSo lernt Tabaluga, dass die Welt mit all dem Guten und dem B\u00f6sen wunderbar und wert ist gerettet zu werden.<br \/>\nArktos will verhindern, dass Tabaluga seiner Bestimmung gerecht wird und erschafft aus purem Eis ein wundersch\u00f6nes Wesen, das M\u00e4dchen Lilli.<br \/>\nLillis einzige Aufgabe soll es sein Tabaluga von seiner Suche nach dem Wahren Feuer abzulenken.<br \/>\nTabaluga verliebt sich wie von Arktos geplant in Lilli, doch dadurch lernt Tabaluga eine gro\u00dfe und sch\u00f6ne Macht kennen: Die Liebe.<\/p>\n<p>&nbsp;<\/p>\n<div class=\"sc_item_button sc_button_wrap\"><a class=\"sc_button sc_button_decoration sc_button_size_large sc_button_icon_left\" href=\"https:\/\/machera.lu\/?tribe_events=thalis-und-die-magischen-kristalle\"><span class=\"sc_button_text\"><span class=\"sc_button_title\">Info \/ Tickets<\/span><\/span><\/a><\/div>","slug":"thalis-und-die-magischen-kristalle","image":{"url":"https:\/\/machera.lu\/wp-content\/uploads\/2026\/03\/Tabaluga.png","id":65106,"extension":"png","width":450,"height":450,"filesize":289980,"sizes":{"medium":{"width":300,"height":300,"mime-type":"image\/png","filesize":138460,"url":"https:\/\/machera.lu\/wp-content\/uploads\/2026\/03\/Tabaluga-300x300.png"},"thumbnail":{"width":150,"height":150,"mime-type":"image\/png","filesize":40028,"url":"https:\/\/machera.lu\/wp-content\/uploads\/2026\/03\/Tabaluga-150x150.png"},"post-thumbnail":{"width":370,"height":370,"mime-type":"image\/png","filesize":198866,"url":"https:\/\/machera.lu\/wp-content\/uploads\/2026\/03\/Tabaluga-370x370.png"},"eventicity-thumb-med":{"width":410,"height":230,"mime-type":"image\/png","filesize":144499,"url":"https:\/\/machera.lu\/wp-content\/uploads\/2026\/03\/Tabaluga-410x230.png"},"eventicity-thumb-tiny":{"width":120,"height":120,"mime-type":"image\/png","filesize":26185,"url":"https:\/\/machera.lu\/wp-content\/uploads\/2026\/03\/Tabaluga-120x120.png"},"eventicity-thumb-masonry":{"width":410,"height":410,"mime-type":"image\/png","filesize":236292,"url":"https:\/\/machera.lu\/wp-content\/uploads\/2026\/03\/Tabaluga-410x410.png"},"trx_addons-thumb-small":{"width":270,"height":152,"mime-type":"image\/png","filesize":71157,"url":"https:\/\/machera.lu\/wp-content\/uploads\/2026\/03\/Tabaluga-270x152.png"},"trx_addons-thumb-portrait":{"width":370,"height":450,"mime-type":"image\/png","filesize":244434,"url":"https:\/\/machera.lu\/wp-content\/uploads\/2026\/03\/Tabaluga-370x450.png"},"trx_addons-thumb-avatar":{"width":370,"height":370,"mime-type":"image\/png","filesize":198866,"url":"https:\/\/machera.lu\/wp-content\/uploads\/2026\/03\/Tabaluga-370x370.png"}}},"all_day":false,"start_date":"2026-11-07 17:00:00","start_date_details":{"year":"2026","month":"11","day":"07","hour":"17","minutes":"00","seconds":"00"},"end_date":"2026-11-07 17:00:00","end_date_details":{"year":"2026","month":"11","day":"07","hour":"17","minutes":"00","seconds":"00"},"utc_start_date":"2026-11-07 17:00:00","utc_start_date_details":{"year":"2026","month":"11","day":"07","hour":"17","minutes":"00","seconds":"00"},"utc_end_date":"2026-11-07 17:00:00","utc_end_date_details":{"year":"2026","month":"11","day":"07","hour":"17","minutes":"00","seconds":"00"},"timezone":"UTC+0","timezone_abbr":"UTC+0","cost":"","cost_details":{"currency_symbol":"\u20ac","currency_code":"EUR","currency_position":"suffix","values":[]},"website":"","show_map":false,"show_map_link":false,"hide_from_listings":false,"sticky":false,"featured":false,"categories":[{"name":"Musical","slug":"musical-2","term_group":0,"term_taxonomy_id":345,"taxonomy":"tribe_events_cat","description":"","parent":0,"count":10,"filter":"raw","id":345,"urls":{"self":"https:\/\/machera.lu\/index.php?rest_route=\/tribe\/events\/v1\/categories\/345","collection":"https:\/\/machera.lu\/index.php?rest_route=\/tribe\/events\/v1\/categories"}}],"tags":[],"venue":[],"organizer":[]}],"rest_url":"https:\/\/machera.lu\/index.php?rest_route=%2Ftribe%2Fevents%2Fv1%2Fevents%2F&page=1&per_page=12&start_date=2026-04-29 00:00:00&end_date=2028-04-29 23:59:59&status=publish","total":3,"total_pages":1}